{"id":29161,"date":"2025-02-14T08:59:25","date_gmt":"2025-02-14T12:59:25","guid":{"rendered":"https:\/\/www.pedroandretta.info\/index\/?p=29161"},"modified":"2025-02-14T08:59:30","modified_gmt":"2025-02-14T12:59:30","slug":"analise-da-rede-de-palavras-chave-de-periodico-cientifico-eletronico-ciencia-da-informacao","status":"publish","type":"post","link":"https:\/\/www.pedroandretta.info\/index\/2025\/02\/analise-da-rede-de-palavras-chave-de-periodico-cientifico-eletronico-ciencia-da-informacao\/","title":{"rendered":"An\u00e1lise da rede de palavras-chave de peri\u00f3dico cient\u00edfico eletr\u00f4nico \/ Ci\u00eancia da Informa\u00e7\u00e3o"},"content":{"rendered":"\n<p><strong>An\u00e1lise da rede de palavras-chave de peri\u00f3dico cient\u00edfico eletr\u00f4nico<\/strong><\/p>\n\n\n\n<p>Para examinar as tend\u00eancias e evidenciar as palavras-chave de maior ocorr\u00eancia no dom\u00ednio de um peri\u00f3dico cient\u00edfico eletr\u00f4nico a partir das redes que podem ser identificadas, foi desenvolvida uma an\u00e1lise bibliom\u00e9trica e de redes para obter, quantitativamente e visualmente, as rela\u00e7\u00f5es entre a frequ\u00eancia e coocorr\u00eancia de palavras-chave no corpus bibliogr\u00e1fico do peri\u00f3dico Informa\u00e7\u00e3o &amp; Informa\u00e7\u00e3o. Os dados foram agrupados e analisados em quatro diferentes d\u00e9cadas por meio de mapas da rede de palavras-chave.<\/p>\n\n\n\n<p>#Hist\u00f3riaDaCI #An\u00e1liseDeRede #PalavrasChave<\/p>\n\n\n\n<p>Dispon\u00edvel em: <a href=\"https:\/\/revista.ibict.br\/ciinf\/article\/view\/6144\">https:\/\/revista.ibict.br\/ciinf\/article\/view\/6144<\/a><\/p>\n\n\n\n<figure class=\"wp-block-image size-large\"><img data-recalc-dims=\"1\" decoding=\"async\" width=\"441\" height=\"600\" src=\"https:\/\/i0.wp.com\/www.pedroandretta.info\/index\/wp-content\/uploads\/2025\/02\/image-42.png?resize=441%2C600&#038;ssl=1\" alt=\"\" class=\"wp-image-29162\" srcset=\"https:\/\/i0.wp.com\/www.pedroandretta.info\/index\/wp-content\/uploads\/2025\/02\/image-42.png?resize=441%2C600&amp;ssl=1 441w, https:\/\/i0.wp.com\/www.pedroandretta.info\/index\/wp-content\/uploads\/2025\/02\/image-42.png?resize=221%2C300&amp;ssl=1 221w, https:\/\/i0.wp.com\/www.pedroandretta.info\/index\/wp-content\/uploads\/2025\/02\/image-42.png?w=547&amp;ssl=1 547w\" sizes=\"(max-width: 441px) 100vw, 441px\" \/><\/figure>\n","protected":false},"excerpt":{"rendered":"<p>An\u00e1lise da rede de palavras-chave de peri\u00f3dico cient\u00edfico eletr\u00f4nico Para examinar as tend\u00eancias e evidenciar as palavras-chave de maior ocorr\u00eancia no dom\u00ednio de um peri\u00f3dico cient\u00edfico eletr\u00f4nico a partir das redes que podem ser identificadas, foi desenvolvida uma an\u00e1lise bibliom\u00e9trica e de redes para obter, quantitativamente e visualmente, as rela\u00e7\u00f5es entre a frequ\u00eancia e coocorr\u00eancia<\/p><\/div>\n<div class=\"blog-btn\"><a href=\"https:\/\/www.pedroandretta.info\/index\/2025\/02\/analise-da-rede-de-palavras-chave-de-periodico-cientifico-eletronico-ciencia-da-informacao\/\" class=\"home-blog-btn\">Ler mais<\/a><\/p>\n","protected":false},"author":1,"featured_media":0,"comment_status":"open","ping_status":"open","sticky":false,"template":"","format":"standard","meta":{"_jetpack_memberships_contains_paid_content":false,"footnotes":"","jetpack_publicize_message":"","jetpack_publicize_feature_enabled":true,"jetpack_social_post_already_shared":true,"jetpack_social_options":{"image_generator_settings":{"template":"highway","default_image_id":0,"font":"","enabled":false},"version":2}},"categories":[21],"tags":[3849,3517,2334],"class_list":["post-29161","post","type-post","status-publish","format-standard","hentry","category-informeci","tag-analisederede","tag-historiadaci","tag-palavraschave"],"jetpack_publicize_connections":[],"jetpack_featured_media_url":"","views":"","jetpack_sharing_enabled":true,"_links":{"self":[{"href":"https:\/\/www.pedroandretta.info\/index\/wp-json\/wp\/v2\/posts\/29161","targetHints":{"allow":["GET"]}}],"collection":[{"href":"https:\/\/www.pedroandretta.info\/index\/wp-json\/wp\/v2\/posts"}],"about":[{"href":"https:\/\/www.pedroandretta.info\/index\/wp-json\/wp\/v2\/types\/post"}],"author":[{"embeddable":true,"href":"https:\/\/www.pedroandretta.info\/index\/wp-json\/wp\/v2\/users\/1"}],"replies":[{"embeddable":true,"href":"https:\/\/www.pedroandretta.info\/index\/wp-json\/wp\/v2\/comments?post=29161"}],"version-history":[{"count":0,"href":"https:\/\/www.pedroandretta.info\/index\/wp-json\/wp\/v2\/posts\/29161\/revisions"}],"wp:attachment":[{"href":"https:\/\/www.pedroandretta.info\/index\/wp-json\/wp\/v2\/media?parent=29161"}],"wp:term":[{"taxonomy":"category","embeddable":true,"href":"https:\/\/www.pedroandretta.info\/index\/wp-json\/wp\/v2\/categories?post=29161"},{"taxonomy":"post_tag","embeddable":true,"href":"https:\/\/www.pedroandretta.info\/index\/wp-json\/wp\/v2\/tags?post=29161"}],"curies":[{"name":"wp","href":"https:\/\/api.w.org\/{rel}","templated":true}]}}