{"id":29175,"date":"2025-02-15T12:09:10","date_gmt":"2025-02-15T16:09:10","guid":{"rendered":"https:\/\/www.pedroandretta.info\/index\/?p=29175"},"modified":"2025-02-15T12:09:14","modified_gmt":"2025-02-15T16:09:14","slug":"divulgacao-cientifica-em-midias-sociais-mapeamento-dos-periodicos-cientificos-eletronicos-de-acesso-aberto-em-ciencia-da-informacao-biblios","status":"publish","type":"post","link":"https:\/\/www.pedroandretta.info\/index\/2025\/02\/divulgacao-cientifica-em-midias-sociais-mapeamento-dos-periodicos-cientificos-eletronicos-de-acesso-aberto-em-ciencia-da-informacao-biblios\/","title":{"rendered":"Divulga\u00e7\u00e3o cient\u00edfica em m\u00eddias sociais: mapeamento dos peri\u00f3dicos cient\u00edficos eletr\u00f4nicos de acesso aberto em Ci\u00eancia da Informa\u00e7\u00e3o \/ Biblios"},"content":{"rendered":"\n<p><strong>Divulga\u00e7\u00e3o cient\u00edfica em m\u00eddias sociais: mapeamento dos peri\u00f3dicos cient\u00edficos eletr\u00f4nicos de acesso aberto em Ci\u00eancia da Informa\u00e7\u00e3o<\/strong><\/p>\n\n\n\n<p>(&#8230;) o trabalho evidencia uma lacuna importante, dado que apenas 38% dos peri\u00f3dicos possuem perfis ativos em m\u00eddias sociais. Essa constata\u00e7\u00e3o destaca a necessidade de maior engajamento dos peri\u00f3dicos em plataformas digitais, considerando que estas representam um meio estrat\u00e9gico para democratizar o acesso \u00e0 informa\u00e7\u00e3o cient\u00edfica e ampliar a sua dissemina\u00e7\u00e3o global.<\/p>\n\n\n\n<p>#MarketingCient\u00edfico #Divulga\u00e7\u00e3oCient\u00edfica #RevistasCI<\/p>\n\n\n\n<p>Dispon\u00edvel em: <a href=\"https:\/\/biblios.pitt.edu\/ojs\/biblios\/article\/view\/1210\">https:\/\/biblios.pitt.edu\/ojs\/biblios\/article\/view\/1210<\/a><\/p>\n\n\n\n<figure class=\"wp-block-image size-large\"><img data-recalc-dims=\"1\" decoding=\"async\" width=\"428\" height=\"600\" src=\"https:\/\/i0.wp.com\/www.pedroandretta.info\/index\/wp-content\/uploads\/2025\/02\/image-45.png?resize=428%2C600&#038;ssl=1\" alt=\"\" class=\"wp-image-29176\" srcset=\"https:\/\/i0.wp.com\/www.pedroandretta.info\/index\/wp-content\/uploads\/2025\/02\/image-45.png?resize=428%2C600&amp;ssl=1 428w, https:\/\/i0.wp.com\/www.pedroandretta.info\/index\/wp-content\/uploads\/2025\/02\/image-45.png?resize=214%2C300&amp;ssl=1 214w, https:\/\/i0.wp.com\/www.pedroandretta.info\/index\/wp-content\/uploads\/2025\/02\/image-45.png?w=542&amp;ssl=1 542w\" sizes=\"(max-width: 428px) 100vw, 428px\" \/><\/figure>\n","protected":false},"excerpt":{"rendered":"<p>Divulga\u00e7\u00e3o cient\u00edfica em m\u00eddias sociais: mapeamento dos peri\u00f3dicos cient\u00edficos eletr\u00f4nicos de acesso aberto em Ci\u00eancia da Informa\u00e7\u00e3o (&#8230;) o trabalho evidencia uma lacuna importante, dado que apenas 38% dos peri\u00f3dicos possuem perfis ativos em m\u00eddias sociais. Essa constata\u00e7\u00e3o destaca a necessidade de maior engajamento dos peri\u00f3dicos em plataformas digitais, considerando que estas representam um meio<\/p><\/div>\n<div class=\"blog-btn\"><a href=\"https:\/\/www.pedroandretta.info\/index\/2025\/02\/divulgacao-cientifica-em-midias-sociais-mapeamento-dos-periodicos-cientificos-eletronicos-de-acesso-aberto-em-ciencia-da-informacao-biblios\/\" class=\"home-blog-btn\">Ler mais<\/a><\/p>\n","protected":false},"author":1,"featured_media":0,"comment_status":"open","ping_status":"open","sticky":false,"template":"","format":"standard","meta":{"_jetpack_newsletter_access":"","_jetpack_dont_email_post_to_subs":false,"_jetpack_newsletter_tier_id":0,"_jetpack_memberships_contains_paywalled_content":false,"_jetpack_feature_clip_id":0,"_jetpack_memberships_contains_paid_content":false,"footnotes":"","jetpack_publicize_message":"","jetpack_publicize_feature_enabled":true,"jetpack_social_post_already_shared":true,"jetpack_social_options":{"image_generator_settings":{"template":"highway","default_image_id":0,"font":"","enabled":false},"version":2},"jetpack_post_was_ever_published":false},"categories":[21],"tags":[542,2402,196],"class_list":["post-29175","post","type-post","status-publish","format-standard","hentry","category-informeci","tag-divulgacaocientifica","tag-marketingcientifico","tag-revistasci"],"jetpack_publicize_connections":[],"jetpack_featured_media_url":"","views":"","jetpack_sharing_enabled":true,"_links":{"self":[{"href":"https:\/\/www.pedroandretta.info\/index\/wp-json\/wp\/v2\/posts\/29175","targetHints":{"allow":["GET"]}}],"collection":[{"href":"https:\/\/www.pedroandretta.info\/index\/wp-json\/wp\/v2\/posts"}],"about":[{"href":"https:\/\/www.pedroandretta.info\/index\/wp-json\/wp\/v2\/types\/post"}],"author":[{"embeddable":true,"href":"https:\/\/www.pedroandretta.info\/index\/wp-json\/wp\/v2\/users\/1"}],"replies":[{"embeddable":true,"href":"https:\/\/www.pedroandretta.info\/index\/wp-json\/wp\/v2\/comments?post=29175"}],"version-history":[{"count":0,"href":"https:\/\/www.pedroandretta.info\/index\/wp-json\/wp\/v2\/posts\/29175\/revisions"}],"wp:attachment":[{"href":"https:\/\/www.pedroandretta.info\/index\/wp-json\/wp\/v2\/media?parent=29175"}],"wp:term":[{"taxonomy":"category","embeddable":true,"href":"https:\/\/www.pedroandretta.info\/index\/wp-json\/wp\/v2\/categories?post=29175"},{"taxonomy":"post_tag","embeddable":true,"href":"https:\/\/www.pedroandretta.info\/index\/wp-json\/wp\/v2\/tags?post=29175"}],"curies":[{"name":"wp","href":"https:\/\/api.w.org\/{rel}","templated":true}]}}