{"id":29189,"date":"2025-02-16T10:18:40","date_gmt":"2025-02-16T14:18:40","guid":{"rendered":"https:\/\/www.pedroandretta.info\/index\/?p=29189"},"modified":"2025-02-16T10:18:44","modified_gmt":"2025-02-16T14:18:44","slug":"termo-de-contrato-no-002-smc-g-2025","status":"publish","type":"post","link":"https:\/\/www.pedroandretta.info\/index\/2025\/02\/termo-de-contrato-no-002-smc-g-2025\/","title":{"rendered":"TERMO DE CONTRATO N\u00ba 002\/SMC-G\/2025"},"content":{"rendered":"\n<p><strong>TERMO DE CONTRATO N\u00ba 002\/SMC-G\/2025 &#8211; Terceriza\u00e7\u00e3o em bibliotecas p\u00fablicas municipais e pontos municipais de leitura<\/strong><\/p>\n\n\n\n<p>Contrata\u00e7\u00e3o de empresa para presta\u00e7\u00e3o de servi\u00e7os de recep\u00e7\u00e3o de biblioteca para atendimento ao p\u00fablico e de apoio administrativo para as bibliotecas p\u00fablicas municipais e pontos municipais de leitura, sob responsabilidade da coordena\u00e7\u00e3o do sistema municipal de bibliotecas (&#8230;) valor do contrato: 5.298.559,20 (cinco milh\u00f5es, duzentos e noventa e oito mil, quinhentos e cinquenta e nove reais e vinte centavos) o prazo de execu\u00e7\u00e3o do contrato ter\u00e1 dura\u00e7\u00e3o de 05 (cinco) anos, a partir da data constante da ordem de in\u00edcio de servi\u00e7os data da assinatura: 03\/02\/2025.<\/p>\n\n\n\n<p>#BibliotecasP\u00edblicas #Terceriza\u00e7\u00e3o<\/p>\n\n\n\n<p>via Di\u00e1rio Oficial SP<\/p>\n\n\n\n<p>Dispon\u00edvel em: <a href=\"https:\/\/diariooficial.prefeitura.sp.gov.br\/md_epubli_visualizar.php?d4NYJpPicyTTgV-sojnDGTi3Uq8u-BgW2odhU0I_IQb15gdSoqa2ob3UuyC45hRjnc59rtMqaGUUdv6hDg6gEIQAlUmv8o6fnxqNLXPuA9VRq-pqL4YFwErtqTeYP_gR\">https:\/\/diariooficial.prefeitura.sp.gov.br\/md_epubli_visualizar.php?d4NYJpPicyTTgV-sojnDGTi3Uq8u-BgW2odhU0I_IQb15gdSoqa2ob3UuyC45hRjnc59rtMqaGUUdv6hDg6gEIQAlUmv8o6fnxqNLXPuA9VRq-pqL4YFwErtqTeYP_gR<\/a><\/p>\n\n\n\n<figure class=\"wp-block-image size-large\"><img data-recalc-dims=\"1\" decoding=\"async\" width=\"405\" height=\"600\" src=\"https:\/\/i0.wp.com\/www.pedroandretta.info\/index\/wp-content\/uploads\/2025\/02\/image-49.png?resize=405%2C600&#038;ssl=1\" alt=\"\" class=\"wp-image-29190\" srcset=\"https:\/\/i0.wp.com\/www.pedroandretta.info\/index\/wp-content\/uploads\/2025\/02\/image-49.png?resize=405%2C600&amp;ssl=1 405w, https:\/\/i0.wp.com\/www.pedroandretta.info\/index\/wp-content\/uploads\/2025\/02\/image-49.png?resize=203%2C300&amp;ssl=1 203w, https:\/\/i0.wp.com\/www.pedroandretta.info\/index\/wp-content\/uploads\/2025\/02\/image-49.png?w=523&amp;ssl=1 523w\" sizes=\"(max-width: 405px) 100vw, 405px\" \/><\/figure>\n","protected":false},"excerpt":{"rendered":"<p>TERMO DE CONTRATO N\u00ba 002\/SMC-G\/2025 &#8211; Terceriza\u00e7\u00e3o em bibliotecas p\u00fablicas municipais e pontos municipais de leitura Contrata\u00e7\u00e3o de empresa para presta\u00e7\u00e3o de servi\u00e7os de recep\u00e7\u00e3o de biblioteca para atendimento ao p\u00fablico e de apoio administrativo para as bibliotecas p\u00fablicas municipais e pontos municipais de leitura, sob responsabilidade da coordena\u00e7\u00e3o do sistema municipal de bibliotecas (&#8230;)<\/p><\/div>\n<div class=\"blog-btn\"><a href=\"https:\/\/www.pedroandretta.info\/index\/2025\/02\/termo-de-contrato-no-002-smc-g-2025\/\" class=\"home-blog-btn\">Ler mais<\/a><\/p>\n","protected":false},"author":1,"featured_media":0,"comment_status":"open","ping_status":"open","sticky":false,"template":"","format":"standard","meta":{"_jetpack_memberships_contains_paid_content":false,"footnotes":"","jetpack_publicize_message":"","jetpack_publicize_feature_enabled":true,"jetpack_social_post_already_shared":true,"jetpack_social_options":{"image_generator_settings":{"template":"highway","default_image_id":0,"font":"","enabled":false},"version":2}},"categories":[21],"tags":[39,3731],"class_list":["post-29189","post","type-post","status-publish","format-standard","hentry","category-informeci","tag-bibliotecaspublicas","tag-tercerizacao"],"jetpack_publicize_connections":[],"jetpack_featured_media_url":"","views":"","jetpack_sharing_enabled":true,"_links":{"self":[{"href":"https:\/\/www.pedroandretta.info\/index\/wp-json\/wp\/v2\/posts\/29189","targetHints":{"allow":["GET"]}}],"collection":[{"href":"https:\/\/www.pedroandretta.info\/index\/wp-json\/wp\/v2\/posts"}],"about":[{"href":"https:\/\/www.pedroandretta.info\/index\/wp-json\/wp\/v2\/types\/post"}],"author":[{"embeddable":true,"href":"https:\/\/www.pedroandretta.info\/index\/wp-json\/wp\/v2\/users\/1"}],"replies":[{"embeddable":true,"href":"https:\/\/www.pedroandretta.info\/index\/wp-json\/wp\/v2\/comments?post=29189"}],"version-history":[{"count":0,"href":"https:\/\/www.pedroandretta.info\/index\/wp-json\/wp\/v2\/posts\/29189\/revisions"}],"wp:attachment":[{"href":"https:\/\/www.pedroandretta.info\/index\/wp-json\/wp\/v2\/media?parent=29189"}],"wp:term":[{"taxonomy":"category","embeddable":true,"href":"https:\/\/www.pedroandretta.info\/index\/wp-json\/wp\/v2\/categories?post=29189"},{"taxonomy":"post_tag","embeddable":true,"href":"https:\/\/www.pedroandretta.info\/index\/wp-json\/wp\/v2\/tags?post=29189"}],"curies":[{"name":"wp","href":"https:\/\/api.w.org\/{rel}","templated":true}]}}