{"id":29233,"date":"2025-02-19T09:41:49","date_gmt":"2025-02-19T13:41:49","guid":{"rendered":"https:\/\/www.pedroandretta.info\/index\/?p=29233"},"modified":"2025-02-19T09:41:54","modified_gmt":"2025-02-19T13:41:54","slug":"o-potencial-dos-museus-na-divulgacao-cientifica-e-cultural-comciencia","status":"publish","type":"post","link":"https:\/\/www.pedroandretta.info\/index\/2025\/02\/o-potencial-dos-museus-na-divulgacao-cientifica-e-cultural-comciencia\/","title":{"rendered":"O potencial dos museus na divulga\u00e7\u00e3o cient\u00edfica e cultural \/ ComCi\u00eancia"},"content":{"rendered":"\n<p><strong>O potencial dos museus na divulga\u00e7\u00e3o cient\u00edfica e cultural<\/strong><\/p>\n\n\n\n<p>No museu tudo comunica, desde o entorno do edif\u00edcio ao menor dos fragmentos expostos. Em seus espa\u00e7os, podemos encontrar um elevado potencial para a difus\u00e3o do conhecimento. Nele observamos caminhos para a populariza\u00e7\u00e3o de temas cient\u00edficos e culturais, junto a um p\u00fablico n\u00e3o especializado. Por meio de exposi\u00e7\u00f5es, as informa\u00e7\u00f5es tomam formas mais acess\u00edveis, favorecendo a intera\u00e7\u00e3o e a aproxima\u00e7\u00e3o de variados grupos, compostos por diferentes faixas et\u00e1rias, costumes e saberes. \u00c9 nesse sentido que buscamos direcionar nosso olhar, compreendendo os museus como grandes aliados na a\u00e7\u00e3o de divulga\u00e7\u00e3o cient\u00edfica e cultural.<\/p>\n\n\n\n<p>via ComCi\u00eancia<\/p>\n\n\n\n<p>#Museus #Divulga\u00e7\u00e3oCient\u00edfica<\/p>\n\n\n\n<p>Dispon\u00edvel em: <a href=\"https:\/\/www.comciencia.br\/o-potencial-dos-museus-na-divulgacao-cientifica-e-cultural\/\">https:\/\/www.comciencia.br\/o-potencial-dos-museus-na-divulgacao-cientifica-e-cultural\/<\/a><\/p>\n","protected":false},"excerpt":{"rendered":"<p>O potencial dos museus na divulga\u00e7\u00e3o cient\u00edfica e cultural No museu tudo comunica, desde o entorno do edif\u00edcio ao menor dos fragmentos expostos. Em seus espa\u00e7os, podemos encontrar um elevado potencial para a difus\u00e3o do conhecimento. Nele observamos caminhos para a populariza\u00e7\u00e3o de temas cient\u00edficos e culturais, junto a um p\u00fablico n\u00e3o especializado. Por meio<\/p><\/div>\n<div class=\"blog-btn\"><a href=\"https:\/\/www.pedroandretta.info\/index\/2025\/02\/o-potencial-dos-museus-na-divulgacao-cientifica-e-cultural-comciencia\/\" class=\"home-blog-btn\">Ler mais<\/a><\/p>\n","protected":false},"author":1,"featured_media":0,"comment_status":"open","ping_status":"open","sticky":false,"template":"","format":"standard","meta":{"_jetpack_memberships_contains_paid_content":false,"footnotes":"","jetpack_publicize_message":"","jetpack_publicize_feature_enabled":true,"jetpack_social_post_already_shared":true,"jetpack_social_options":{"image_generator_settings":{"template":"highway","default_image_id":0,"font":"","enabled":false},"version":2}},"categories":[21],"tags":[542,3120,34],"class_list":["post-29233","post","type-post","status-publish","format-standard","hentry","category-informeci","tag-divulgacaocientifica","tag-divulgacaocultural","tag-museus"],"jetpack_publicize_connections":[],"jetpack_featured_media_url":"","views":"","jetpack_sharing_enabled":true,"_links":{"self":[{"href":"https:\/\/www.pedroandretta.info\/index\/wp-json\/wp\/v2\/posts\/29233","targetHints":{"allow":["GET"]}}],"collection":[{"href":"https:\/\/www.pedroandretta.info\/index\/wp-json\/wp\/v2\/posts"}],"about":[{"href":"https:\/\/www.pedroandretta.info\/index\/wp-json\/wp\/v2\/types\/post"}],"author":[{"embeddable":true,"href":"https:\/\/www.pedroandretta.info\/index\/wp-json\/wp\/v2\/users\/1"}],"replies":[{"embeddable":true,"href":"https:\/\/www.pedroandretta.info\/index\/wp-json\/wp\/v2\/comments?post=29233"}],"version-history":[{"count":0,"href":"https:\/\/www.pedroandretta.info\/index\/wp-json\/wp\/v2\/posts\/29233\/revisions"}],"wp:attachment":[{"href":"https:\/\/www.pedroandretta.info\/index\/wp-json\/wp\/v2\/media?parent=29233"}],"wp:term":[{"taxonomy":"category","embeddable":true,"href":"https:\/\/www.pedroandretta.info\/index\/wp-json\/wp\/v2\/categories?post=29233"},{"taxonomy":"post_tag","embeddable":true,"href":"https:\/\/www.pedroandretta.info\/index\/wp-json\/wp\/v2\/tags?post=29233"}],"curies":[{"name":"wp","href":"https:\/\/api.w.org\/{rel}","templated":true}]}}