{"id":29298,"date":"2025-02-22T21:07:21","date_gmt":"2025-02-23T01:07:21","guid":{"rendered":"https:\/\/www.pedroandretta.info\/index\/?p=29298"},"modified":"2025-02-22T21:07:25","modified_gmt":"2025-02-23T01:07:25","slug":"episodios-de-injustica-epistemica-na-vivencia-e-pratica-academica-das-pesquisadoras-negras-da-ciencia-da-informacao-ppgci-ufrgs","status":"publish","type":"post","link":"https:\/\/www.pedroandretta.info\/index\/2025\/02\/episodios-de-injustica-epistemica-na-vivencia-e-pratica-academica-das-pesquisadoras-negras-da-ciencia-da-informacao-ppgci-ufrgs\/","title":{"rendered":"Epis\u00f3dios de injusti\u00e7a epist\u00eamica na viv\u00eancia e pr\u00e1tica acad\u00eamica das pesquisadoras negras da Ci\u00eancia da Informa\u00e7\u00e3o \/ PPGCI &#8211; UFRGS"},"content":{"rendered":"\n<p><strong>Epis\u00f3dios de injusti\u00e7a epist\u00eamica na viv\u00eancia e pr\u00e1tica acad\u00eamica das pesquisadoras negras da Ci\u00eancia da Informa\u00e7\u00e3o<\/strong><\/p>\n\n\n\n<p>Como conclus\u00e3o, constatamos que as injusti\u00e7as epist\u00eamicas se sustentam pela deslegitima\u00e7\u00e3o e descredibiliza\u00e7\u00e3o do conhecimento proveniente de grupos sociais considerados subalternos, como as mulheres negras. Nesse ambiente, elas enfrentam diversas situa\u00e7\u00f5es de n\u00e3o reconhecimento de suas contribui\u00e7\u00f5es epist\u00eamicas. Ademais, as a\u00e7\u00f5es institucionais perpetuam tais injusti\u00e7as por meio do silenciamento, da falta de conscientiza\u00e7\u00e3o e da aus\u00eancia de puni\u00e7\u00e3o diante das viol\u00eancias, al\u00e9m da deslegitima\u00e7\u00e3o de suas vozes e den\u00fancias.<\/p>\n\n\n\n<p>#RacismoEpist\u00eamico #Injusti\u00e7\u00e3oEpist\u00eamica<\/p>\n\n\n\n<p>Dispon\u00edvel em: <a href=\"https:\/\/lume.ufrgs.br\/handle\/10183\/285220\">https:\/\/lume.ufrgs.br\/handle\/10183\/285220<\/a><\/p>\n\n\n\n<figure class=\"wp-block-image size-large\"><img data-recalc-dims=\"1\" decoding=\"async\" width=\"431\" height=\"600\" src=\"https:\/\/i0.wp.com\/www.pedroandretta.info\/index\/wp-content\/uploads\/2025\/02\/image-72.png?resize=431%2C600&#038;ssl=1\" alt=\"\" class=\"wp-image-29299\" srcset=\"https:\/\/i0.wp.com\/www.pedroandretta.info\/index\/wp-content\/uploads\/2025\/02\/image-72.png?resize=431%2C600&amp;ssl=1 431w, https:\/\/i0.wp.com\/www.pedroandretta.info\/index\/wp-content\/uploads\/2025\/02\/image-72.png?resize=215%2C300&amp;ssl=1 215w, https:\/\/i0.wp.com\/www.pedroandretta.info\/index\/wp-content\/uploads\/2025\/02\/image-72.png?w=503&amp;ssl=1 503w\" sizes=\"(max-width: 431px) 100vw, 431px\" \/><\/figure>\n","protected":false},"excerpt":{"rendered":"<p>Epis\u00f3dios de injusti\u00e7a epist\u00eamica na viv\u00eancia e pr\u00e1tica acad\u00eamica das pesquisadoras negras da Ci\u00eancia da Informa\u00e7\u00e3o Como conclus\u00e3o, constatamos que as injusti\u00e7as epist\u00eamicas se sustentam pela deslegitima\u00e7\u00e3o e descredibiliza\u00e7\u00e3o do conhecimento proveniente de grupos sociais considerados subalternos, como as mulheres negras. Nesse ambiente, elas enfrentam diversas situa\u00e7\u00f5es de n\u00e3o reconhecimento de suas contribui\u00e7\u00f5es epist\u00eamicas. Ademais,<\/p><\/div>\n<div class=\"blog-btn\"><a href=\"https:\/\/www.pedroandretta.info\/index\/2025\/02\/episodios-de-injustica-epistemica-na-vivencia-e-pratica-academica-das-pesquisadoras-negras-da-ciencia-da-informacao-ppgci-ufrgs\/\" class=\"home-blog-btn\">Ler mais<\/a><\/p>\n","protected":false},"author":1,"featured_media":0,"comment_status":"open","ping_status":"open","sticky":false,"template":"","format":"standard","meta":{"_jetpack_memberships_contains_paid_content":false,"footnotes":"","jetpack_publicize_message":"","jetpack_publicize_feature_enabled":true,"jetpack_social_post_already_shared":true,"jetpack_social_options":{"image_generator_settings":{"template":"highway","default_image_id":0,"font":"","enabled":false},"version":2}},"categories":[21],"tags":[3854,3853],"class_list":["post-29298","post","type-post","status-publish","format-standard","hentry","category-informeci","tag-injusticaepistemica","tag-racismoepistemico"],"jetpack_publicize_connections":[],"jetpack_featured_media_url":"","views":"","jetpack_sharing_enabled":true,"_links":{"self":[{"href":"https:\/\/www.pedroandretta.info\/index\/wp-json\/wp\/v2\/posts\/29298","targetHints":{"allow":["GET"]}}],"collection":[{"href":"https:\/\/www.pedroandretta.info\/index\/wp-json\/wp\/v2\/posts"}],"about":[{"href":"https:\/\/www.pedroandretta.info\/index\/wp-json\/wp\/v2\/types\/post"}],"author":[{"embeddable":true,"href":"https:\/\/www.pedroandretta.info\/index\/wp-json\/wp\/v2\/users\/1"}],"replies":[{"embeddable":true,"href":"https:\/\/www.pedroandretta.info\/index\/wp-json\/wp\/v2\/comments?post=29298"}],"version-history":[{"count":0,"href":"https:\/\/www.pedroandretta.info\/index\/wp-json\/wp\/v2\/posts\/29298\/revisions"}],"wp:attachment":[{"href":"https:\/\/www.pedroandretta.info\/index\/wp-json\/wp\/v2\/media?parent=29298"}],"wp:term":[{"taxonomy":"category","embeddable":true,"href":"https:\/\/www.pedroandretta.info\/index\/wp-json\/wp\/v2\/categories?post=29298"},{"taxonomy":"post_tag","embeddable":true,"href":"https:\/\/www.pedroandretta.info\/index\/wp-json\/wp\/v2\/tags?post=29298"}],"curies":[{"name":"wp","href":"https:\/\/api.w.org\/{rel}","templated":true}]}}