{"id":29301,"date":"2025-02-22T21:09:38","date_gmt":"2025-02-23T01:09:38","guid":{"rendered":"https:\/\/www.pedroandretta.info\/index\/?p=29301"},"modified":"2025-02-22T21:09:44","modified_gmt":"2025-02-23T01:09:44","slug":"pessoas-e-encontros-na-ciencia-da-informacao-divulga-ci","status":"publish","type":"post","link":"https:\/\/www.pedroandretta.info\/index\/2025\/02\/pessoas-e-encontros-na-ciencia-da-informacao-divulga-ci\/","title":{"rendered":"Pessoas e encontros na Ci\u00eancia da Informa\u00e7\u00e3o \/ Divulga-CI"},"content":{"rendered":"\n<p><strong>Pessoas e encontros na Ci\u00eancia da Informa\u00e7\u00e3o, por Isa Maria Freire<\/strong><\/p>\n\n\n\n<p>Sou grata \u00e0 vida por cada um desses companheiros de viagem, cada um dos eventos em que estive presente, e aguardo a chegada de novos colaboradores, vindos de todas as \u00e1reas com as quais a Ci\u00eancia da Informa\u00e7\u00e3o dialoga.\u00a0<\/p>\n\n\n\n<p>Dispon\u00edvel em: <a href=\"https:\/\/www.divulgaci.labci.online\/v-2-n-2-fev-2024\/pessoas-e-encontros-na-ciencia-da-informacao-por-isa-maria-freire\/\">https:\/\/www.divulgaci.labci.online\/v-2-n-2-fev-2024\/pessoas-e-encontros-na-ciencia-da-informacao-por-isa-maria-freire\/<\/a><\/p>\n\n\n\n<figure class=\"wp-block-image size-large\"><img data-recalc-dims=\"1\" decoding=\"async\" width=\"428\" height=\"600\" src=\"https:\/\/i0.wp.com\/www.pedroandretta.info\/index\/wp-content\/uploads\/2025\/02\/image-73.png?resize=428%2C600&#038;ssl=1\" alt=\"\" class=\"wp-image-29302\" srcset=\"https:\/\/i0.wp.com\/www.pedroandretta.info\/index\/wp-content\/uploads\/2025\/02\/image-73.png?resize=428%2C600&amp;ssl=1 428w, https:\/\/i0.wp.com\/www.pedroandretta.info\/index\/wp-content\/uploads\/2025\/02\/image-73.png?resize=214%2C300&amp;ssl=1 214w, https:\/\/i0.wp.com\/www.pedroandretta.info\/index\/wp-content\/uploads\/2025\/02\/image-73.png?w=548&amp;ssl=1 548w\" sizes=\"(max-width: 428px) 100vw, 428px\" \/><\/figure>\n","protected":false},"excerpt":{"rendered":"<p>Pessoas e encontros na Ci\u00eancia da Informa\u00e7\u00e3o, por Isa Maria Freire Sou grata \u00e0 vida por cada um desses companheiros de viagem, cada um dos eventos em que estive presente, e aguardo a chegada de novos colaboradores, vindos de todas as \u00e1reas com as quais a Ci\u00eancia da Informa\u00e7\u00e3o dialoga.\u00a0 Dispon\u00edvel em: https:\/\/www.divulgaci.labci.online\/v-2-n-2-fev-2024\/pessoas-e-encontros-na-ciencia-da-informacao-por-isa-maria-freire\/<\/p>\n","protected":false},"author":1,"featured_media":0,"comment_status":"open","ping_status":"open","sticky":false,"template":"","format":"standard","meta":{"_jetpack_memberships_contains_paid_content":false,"footnotes":"","jetpack_publicize_message":"","jetpack_publicize_feature_enabled":true,"jetpack_social_post_already_shared":true,"jetpack_social_options":{"image_generator_settings":{"template":"highway","default_image_id":0,"font":"","enabled":false},"version":2}},"categories":[21],"tags":[2844],"class_list":["post-29301","post","type-post","status-publish","format-standard","hentry","category-informeci","tag-rip"],"jetpack_publicize_connections":[],"jetpack_featured_media_url":"","views":"","jetpack_sharing_enabled":true,"_links":{"self":[{"href":"https:\/\/www.pedroandretta.info\/index\/wp-json\/wp\/v2\/posts\/29301","targetHints":{"allow":["GET"]}}],"collection":[{"href":"https:\/\/www.pedroandretta.info\/index\/wp-json\/wp\/v2\/posts"}],"about":[{"href":"https:\/\/www.pedroandretta.info\/index\/wp-json\/wp\/v2\/types\/post"}],"author":[{"embeddable":true,"href":"https:\/\/www.pedroandretta.info\/index\/wp-json\/wp\/v2\/users\/1"}],"replies":[{"embeddable":true,"href":"https:\/\/www.pedroandretta.info\/index\/wp-json\/wp\/v2\/comments?post=29301"}],"version-history":[{"count":0,"href":"https:\/\/www.pedroandretta.info\/index\/wp-json\/wp\/v2\/posts\/29301\/revisions"}],"wp:attachment":[{"href":"https:\/\/www.pedroandretta.info\/index\/wp-json\/wp\/v2\/media?parent=29301"}],"wp:term":[{"taxonomy":"category","embeddable":true,"href":"https:\/\/www.pedroandretta.info\/index\/wp-json\/wp\/v2\/categories?post=29301"},{"taxonomy":"post_tag","embeddable":true,"href":"https:\/\/www.pedroandretta.info\/index\/wp-json\/wp\/v2\/tags?post=29301"}],"curies":[{"name":"wp","href":"https:\/\/api.w.org\/{rel}","templated":true}]}}