{"id":29320,"date":"2025-02-25T11:01:48","date_gmt":"2025-02-25T15:01:48","guid":{"rendered":"https:\/\/www.pedroandretta.info\/index\/?p=29320"},"modified":"2025-02-25T11:01:53","modified_gmt":"2025-02-25T15:01:53","slug":"a-pos-graduacao-brasileira-em-busca-de-identidade-abc","status":"publish","type":"post","link":"https:\/\/www.pedroandretta.info\/index\/2025\/02\/a-pos-graduacao-brasileira-em-busca-de-identidade-abc\/","title":{"rendered":"A p\u00f3s-gradua\u00e7\u00e3o brasileira em busca de identidade \/ ABC"},"content":{"rendered":"\n<p><strong>A p\u00f3s-gradua\u00e7\u00e3o brasileira em busca de identidade<\/strong><\/p>\n\n\n\n<p>Zago afirmou ainda que, em meio \u00e0 atual crise de identidade, \u00e9 importante ter em mente que a p\u00f3s-gradua\u00e7\u00e3o \u201cserve para o treinamento no m\u00e9todo cient\u00edfico de questionamento e de busca por respostas a problemas concretos das diferentes \u00e1reas do conhecimento\u201d. E continuou: \u201cA meu ver, n\u00e3o \u00e9 poss\u00edvel trabalhar no atacado. N\u00e3o \u00e9 admiss\u00edvel que um orientador n\u00e3o dedique tempo regularmente para discuss\u00e3o, planejamento, an\u00e1lise e resultados com o seu orientado, individualmente. A p\u00f3s-gradua\u00e7\u00e3o \u00e9 um programa individual e n\u00e3o reprodut\u00edvel. O restante, a meu ver, \u00e9 perda de tempo\u201d, concluiu.<\/p>\n\n\n\n<p>Para [o acad\u00eamico] \u00c9sper Cavalheiro, assessor da Fapesp e coordenador do Plano Nacional de P\u00f3s-Gradua\u00e7\u00e3o, o desenho dos programas no pa\u00eds transformou a defesa da tese ou a escrita da disserta\u00e7\u00e3o no objetivo final da p\u00f3s-gradua\u00e7\u00e3o, quando o objetivo deveria ser tornar o indiv\u00edduo um cientista. \u201cA tese \u00e9 uma consequ\u00eancia, \u00e9 o instrumento para esse indiv\u00edduo se modificar\u201d, ponderou.<\/p>\n\n\n\n<p>via ABC<\/p>\n\n\n\n<p>#Ci\u00eanciaBrasileira<\/p>\n\n\n\n<p>Dispon\u00edvel em: <a href=\"http:\/\/www.abc.org.br\/2025\/02\/24\/a-pos-graduacao-brasileira-em-busca-de-identidade\/\">http:\/\/www.abc.org.br\/2025\/02\/24\/a-pos-graduacao-brasileira-em-busca-de-identidade\/<\/a><\/p>\n","protected":false},"excerpt":{"rendered":"<p>A p\u00f3s-gradua\u00e7\u00e3o brasileira em busca de identidade Zago afirmou ainda que, em meio \u00e0 atual crise de identidade, \u00e9 importante ter em mente que a p\u00f3s-gradua\u00e7\u00e3o \u201cserve para o treinamento no m\u00e9todo cient\u00edfico de questionamento e de busca por respostas a problemas concretos das diferentes \u00e1reas do conhecimento\u201d. E continuou: \u201cA meu ver, n\u00e3o \u00e9<\/p><\/div>\n<div class=\"blog-btn\"><a href=\"https:\/\/www.pedroandretta.info\/index\/2025\/02\/a-pos-graduacao-brasileira-em-busca-de-identidade-abc\/\" class=\"home-blog-btn\">Ler mais<\/a><\/p>\n","protected":false},"author":1,"featured_media":0,"comment_status":"open","ping_status":"open","sticky":false,"template":"","format":"standard","meta":{"_jetpack_memberships_contains_paid_content":false,"footnotes":"","jetpack_publicize_message":"","jetpack_publicize_feature_enabled":true,"jetpack_social_post_already_shared":true,"jetpack_social_options":{"image_generator_settings":{"template":"highway","default_image_id":0,"font":"","enabled":false},"version":2}},"categories":[21],"tags":[2422],"class_list":["post-29320","post","type-post","status-publish","format-standard","hentry","category-informeci","tag-cienciabrasileira"],"jetpack_publicize_connections":[],"jetpack_featured_media_url":"","views":"","jetpack_sharing_enabled":true,"_links":{"self":[{"href":"https:\/\/www.pedroandretta.info\/index\/wp-json\/wp\/v2\/posts\/29320","targetHints":{"allow":["GET"]}}],"collection":[{"href":"https:\/\/www.pedroandretta.info\/index\/wp-json\/wp\/v2\/posts"}],"about":[{"href":"https:\/\/www.pedroandretta.info\/index\/wp-json\/wp\/v2\/types\/post"}],"author":[{"embeddable":true,"href":"https:\/\/www.pedroandretta.info\/index\/wp-json\/wp\/v2\/users\/1"}],"replies":[{"embeddable":true,"href":"https:\/\/www.pedroandretta.info\/index\/wp-json\/wp\/v2\/comments?post=29320"}],"version-history":[{"count":0,"href":"https:\/\/www.pedroandretta.info\/index\/wp-json\/wp\/v2\/posts\/29320\/revisions"}],"wp:attachment":[{"href":"https:\/\/www.pedroandretta.info\/index\/wp-json\/wp\/v2\/media?parent=29320"}],"wp:term":[{"taxonomy":"category","embeddable":true,"href":"https:\/\/www.pedroandretta.info\/index\/wp-json\/wp\/v2\/categories?post=29320"},{"taxonomy":"post_tag","embeddable":true,"href":"https:\/\/www.pedroandretta.info\/index\/wp-json\/wp\/v2\/tags?post=29320"}],"curies":[{"name":"wp","href":"https:\/\/api.w.org\/{rel}","templated":true}]}}