{"id":29377,"date":"2025-02-28T13:11:04","date_gmt":"2025-02-28T17:11:04","guid":{"rendered":"https:\/\/www.pedroandretta.info\/index\/?p=29377"},"modified":"2025-02-28T13:11:08","modified_gmt":"2025-02-28T17:11:08","slug":"proposta-de-um-codigo-deontologico-dos-gestores-de-informacao-contributos-eticos-e-deontologicos-uab","status":"publish","type":"post","link":"https:\/\/www.pedroandretta.info\/index\/2025\/02\/proposta-de-um-codigo-deontologico-dos-gestores-de-informacao-contributos-eticos-e-deontologicos-uab\/","title":{"rendered":"Proposta de um c\u00f3digo deontol\u00f3gico dos gestores de informa\u00e7\u00e3o: contributos \u00e9ticos e deontol\u00f3gicos \/ UAB"},"content":{"rendered":"\n<p><strong>Proposta de um c\u00f3digo deontol\u00f3gico dos gestores de informa\u00e7\u00e3o: contributos \u00e9ticos e deontol\u00f3gicos \/ UAB<\/strong><\/p>\n\n\n\n<p>Porque a informa\u00e7\u00e3o \u00e9 omnipresente em v\u00e1rios suportes, a estes cabe saber geri-la de forma eficaz e n\u00e3o se pode pensar apenas nos profissionais mais tradicionalistas como os bibliotec\u00e1rios e arquivistas mas noutros mais atuais, por exemplo, os gestores de conte\u00fado. De forma a abranger esta e novas fun\u00e7\u00f5es que t\u00eam e ter\u00e3o de acompanhar a evolu\u00e7\u00e3o tecnol\u00f3gica, correspondendo \u00e0s necessidades dos utilizadores da informa\u00e7\u00e3o, sejam eles indiv\u00edduos ou organiza\u00e7\u00f5es p\u00fablicas ou privadas, a designa\u00e7\u00e3o gestores da informa\u00e7\u00e3o parece-nos mais abrangente e inclusiva.<\/p>\n\n\n\n<p>#Gest\u00e3oDaInforma\u00e7\u00e3o #C\u00f3digoDe\u00c9ticaProfissional<\/p>\n\n\n\n<p>Dispon\u00edvel em: <a href=\"https:\/\/repositorioaberto.uab.pt\/entities\/publication\/83a1f740-07b6-40cb-aed4-e53b0c0162c1\">https:\/\/repositorioaberto.uab.pt\/entities\/publication\/83a1f740-07b6-40cb-aed4-e53b0c0162c1<\/a><\/p>\n\n\n\n<figure class=\"wp-block-image size-large\"><img data-recalc-dims=\"1\" decoding=\"async\" width=\"429\" height=\"600\" src=\"https:\/\/i0.wp.com\/www.pedroandretta.info\/index\/wp-content\/uploads\/2025\/02\/image-90.png?resize=429%2C600&#038;ssl=1\" alt=\"\" class=\"wp-image-29378\" srcset=\"https:\/\/i0.wp.com\/www.pedroandretta.info\/index\/wp-content\/uploads\/2025\/02\/image-90.png?resize=429%2C600&amp;ssl=1 429w, https:\/\/i0.wp.com\/www.pedroandretta.info\/index\/wp-content\/uploads\/2025\/02\/image-90.png?resize=214%2C300&amp;ssl=1 214w, https:\/\/i0.wp.com\/www.pedroandretta.info\/index\/wp-content\/uploads\/2025\/02\/image-90.png?w=534&amp;ssl=1 534w\" sizes=\"(max-width: 429px) 100vw, 429px\" \/><\/figure>\n","protected":false},"excerpt":{"rendered":"<p>Proposta de um c\u00f3digo deontol\u00f3gico dos gestores de informa\u00e7\u00e3o: contributos \u00e9ticos e deontol\u00f3gicos \/ UAB Porque a informa\u00e7\u00e3o \u00e9 omnipresente em v\u00e1rios suportes, a estes cabe saber geri-la de forma eficaz e n\u00e3o se pode pensar apenas nos profissionais mais tradicionalistas como os bibliotec\u00e1rios e arquivistas mas noutros mais atuais, por exemplo, os gestores de<\/p><\/div>\n<div class=\"blog-btn\"><a href=\"https:\/\/www.pedroandretta.info\/index\/2025\/02\/proposta-de-um-codigo-deontologico-dos-gestores-de-informacao-contributos-eticos-e-deontologicos-uab\/\" class=\"home-blog-btn\">Ler mais<\/a><\/p>\n","protected":false},"author":1,"featured_media":0,"comment_status":"open","ping_status":"open","sticky":false,"template":"","format":"standard","meta":{"_jetpack_memberships_contains_paid_content":false,"footnotes":"","jetpack_publicize_message":"","jetpack_publicize_feature_enabled":true,"jetpack_social_post_already_shared":true,"jetpack_social_options":{"image_generator_settings":{"template":"highway","default_image_id":0,"font":"","enabled":false},"version":2}},"categories":[21],"tags":[2311,248],"class_list":["post-29377","post","type-post","status-publish","format-standard","hentry","category-informeci","tag-codigodeeticaprofissional","tag-gestaodainformacao"],"jetpack_publicize_connections":[],"jetpack_featured_media_url":"","views":"","jetpack_sharing_enabled":true,"_links":{"self":[{"href":"https:\/\/www.pedroandretta.info\/index\/wp-json\/wp\/v2\/posts\/29377","targetHints":{"allow":["GET"]}}],"collection":[{"href":"https:\/\/www.pedroandretta.info\/index\/wp-json\/wp\/v2\/posts"}],"about":[{"href":"https:\/\/www.pedroandretta.info\/index\/wp-json\/wp\/v2\/types\/post"}],"author":[{"embeddable":true,"href":"https:\/\/www.pedroandretta.info\/index\/wp-json\/wp\/v2\/users\/1"}],"replies":[{"embeddable":true,"href":"https:\/\/www.pedroandretta.info\/index\/wp-json\/wp\/v2\/comments?post=29377"}],"version-history":[{"count":0,"href":"https:\/\/www.pedroandretta.info\/index\/wp-json\/wp\/v2\/posts\/29377\/revisions"}],"wp:attachment":[{"href":"https:\/\/www.pedroandretta.info\/index\/wp-json\/wp\/v2\/media?parent=29377"}],"wp:term":[{"taxonomy":"category","embeddable":true,"href":"https:\/\/www.pedroandretta.info\/index\/wp-json\/wp\/v2\/categories?post=29377"},{"taxonomy":"post_tag","embeddable":true,"href":"https:\/\/www.pedroandretta.info\/index\/wp-json\/wp\/v2\/tags?post=29377"}],"curies":[{"name":"wp","href":"https:\/\/api.w.org\/{rel}","templated":true}]}}