{"id":2940,"date":"2019-11-01T14:36:07","date_gmt":"2019-11-01T14:36:07","guid":{"rendered":"https:\/\/www.pedroandretta.info\/index\/?p=2940"},"modified":"2019-11-01T14:36:07","modified_gmt":"2019-11-01T14:36:07","slug":"galera-da-ufpb-comecou-um-blog-de-biblioteconomia-o-bibliotecnologia-ja-te","status":"publish","type":"post","link":"https:\/\/www.pedroandretta.info\/index\/2019\/11\/galera-da-ufpb-comecou-um-blog-de-biblioteconomia-o-bibliotecnologia-ja-te\/","title":{"rendered":"Galera da #UFPB come\u00e7ou um blog de #biblioteconomia o \u201cBIBLIOTECNOLOGIA\u201d ! J\u00e1 te&#8230;"},"content":{"rendered":"<p>[ad_1]<\/p>\n<blockquote class=\"twitter-tweet\">\n<p lang=\"pt\" dir=\"ltr\">Galera da <a target=\"_blank\" href=\"https:\/\/twitter.com\/hashtag\/UFPB?src=hash&amp;ref_src=twsrc%5Etfw\" rel=\"noopener noreferrer\">#UFPB<\/a> come\u00e7ou um blog de <a target=\"_blank\" href=\"https:\/\/twitter.com\/hashtag\/biblioteconomia?src=hash&amp;ref_src=twsrc%5Etfw\" rel=\"noopener noreferrer\">#biblioteconomia<\/a> o \u201cBIBLIOTECNOLOGIA\u201d ! J\u00e1 tem postagens bacanas!!! Torcer para que parem!!! Saudade da \u00e9poca que haviam in\u00fameros blogs nacionais de biblio, gerando e compartilhando experi\u00eancias e conte\u00fados. <a target=\"_blank\" href=\"https:\/\/t.co\/iarswv1vUN\" rel=\"noopener noreferrer\">https:\/\/t.co\/iarswv1vUN<\/a><\/p>\n<p>&mdash; Pedro Andretta (@andretta_pedro) <a target=\"_blank\" href=\"https:\/\/twitter.com\/andretta_pedro\/status\/1190276337468133377?ref_src=twsrc%5Etfw\" rel=\"noopener noreferrer\">November 1, 2019<\/a><\/p><\/blockquote>\n<p><script async src=\"https:\/\/platform.twitter.com\/widgets.js\" charset=\"utf-8\"><\/script><\/p>\n<p>[ad_2]<br \/>\n<br \/><a href=\"https:\/\/twitter.com\/andretta_pedro\/statuses\/1190276337468133377\">Source<\/a> by <a href=\"https:\/\/t.co\/MfIsGWjH1p\">Pedro Andretta<\/a><\/p>\n","protected":false},"excerpt":{"rendered":"<p>[ad_1] Galera da #UFPB come\u00e7ou um blog de #biblioteconomia o \u201cBIBLIOTECNOLOGIA\u201d ! J\u00e1 tem postagens bacanas!!! Torcer para que parem!!! Saudade da \u00e9poca que haviam in\u00fameros blogs nacionais de biblio, gerando e compartilhando experi\u00eancias e conte\u00fados. https:\/\/t.co\/iarswv1vUN &mdash; Pedro Andretta (@andretta_pedro) November 1, 2019 [ad_2] Source by Pedro Andretta<\/p>\n","protected":false},"author":1,"featured_media":0,"comment_status":"closed","ping_status":"open","sticky":false,"template":"","format":"standard","meta":{"_jetpack_memberships_contains_paid_content":false,"footnotes":"","jetpack_publicize_message":"","jetpack_publicize_feature_enabled":true,"jetpack_social_post_already_shared":false,"jetpack_social_options":{"image_generator_settings":{"template":"highway","default_image_id":0,"font":"","enabled":false},"version":2}},"categories":[21],"tags":[33,103],"class_list":["post-2940","post","type-post","status-publish","format-standard","hentry","category-informeci","tag-biblioteconomia","tag-ufpb"],"jetpack_publicize_connections":[],"jetpack_featured_media_url":"","views":"","jetpack_sharing_enabled":true,"_links":{"self":[{"href":"https:\/\/www.pedroandretta.info\/index\/wp-json\/wp\/v2\/posts\/2940","targetHints":{"allow":["GET"]}}],"collection":[{"href":"https:\/\/www.pedroandretta.info\/index\/wp-json\/wp\/v2\/posts"}],"about":[{"href":"https:\/\/www.pedroandretta.info\/index\/wp-json\/wp\/v2\/types\/post"}],"author":[{"embeddable":true,"href":"https:\/\/www.pedroandretta.info\/index\/wp-json\/wp\/v2\/users\/1"}],"replies":[{"embeddable":true,"href":"https:\/\/www.pedroandretta.info\/index\/wp-json\/wp\/v2\/comments?post=2940"}],"version-history":[{"count":0,"href":"https:\/\/www.pedroandretta.info\/index\/wp-json\/wp\/v2\/posts\/2940\/revisions"}],"wp:attachment":[{"href":"https:\/\/www.pedroandretta.info\/index\/wp-json\/wp\/v2\/media?parent=2940"}],"wp:term":[{"taxonomy":"category","embeddable":true,"href":"https:\/\/www.pedroandretta.info\/index\/wp-json\/wp\/v2\/categories?post=2940"},{"taxonomy":"post_tag","embeddable":true,"href":"https:\/\/www.pedroandretta.info\/index\/wp-json\/wp\/v2\/tags?post=2940"}],"curies":[{"name":"wp","href":"https:\/\/api.w.org\/{rel}","templated":true}]}}