{"id":29403,"date":"2025-03-04T12:03:13","date_gmt":"2025-03-04T16:03:13","guid":{"rendered":"https:\/\/www.pedroandretta.info\/index\/?p=29403"},"modified":"2025-03-04T12:03:18","modified_gmt":"2025-03-04T16:03:18","slug":"o-que-se-cobra-de-pessoas-negras-no-mundo-academico-jornal-da-usp","status":"publish","type":"post","link":"https:\/\/www.pedroandretta.info\/index\/2025\/03\/o-que-se-cobra-de-pessoas-negras-no-mundo-academico-jornal-da-usp\/","title":{"rendered":"O que se cobra de pessoas negras no mundo acad\u00eamico \/ Jornal da USP"},"content":{"rendered":"\n<p><strong>O que se cobra de pessoas negras no mundo acad\u00eamico<\/strong><\/p>\n\n\n\n<p>Escrevi um texto para reflex\u00e3o intitulado Racismo institucional, medos, amea\u00e7as e outros males. Nele, entre outros aspectos, discuto o que se cobra das pessoas negras para que sejam toleradas no mundo acad\u00eamico. N\u00e3o digo aceitas porque a aceita\u00e7\u00e3o, de meu ponto de vista, envolve tratamento igualit\u00e1rio, que \u00e9 o contr\u00e1rio de hierarquiza\u00e7\u00f5es, discrimina\u00e7\u00f5es, desumaniza\u00e7\u00e3o e viol\u00eancias.<\/p>\n\n\n\n<p>via Jornal da USP<\/p>\n\n\n\n<p>#RacismoInstitucional #CientistasNegros<\/p>\n\n\n\n<p>Dispon\u00edvel em: <a href=\"https:\/\/jornal.usp.br\/articulistas\/gislene-aparecida-dos-santos\/o-que-se-cobra-de-pessoas-negras-no-mundo-academico\/\">https:\/\/jornal.usp.br\/articulistas\/gislene-aparecida-dos-santos\/o-que-se-cobra-de-pessoas-negras-no-mundo-academico\/<\/a><\/p>\n","protected":false},"excerpt":{"rendered":"<p>O que se cobra de pessoas negras no mundo acad\u00eamico Escrevi um texto para reflex\u00e3o intitulado Racismo institucional, medos, amea\u00e7as e outros males. Nele, entre outros aspectos, discuto o que se cobra das pessoas negras para que sejam toleradas no mundo acad\u00eamico. N\u00e3o digo aceitas porque a aceita\u00e7\u00e3o, de meu ponto de vista, envolve tratamento<\/p><\/div>\n<div class=\"blog-btn\"><a href=\"https:\/\/www.pedroandretta.info\/index\/2025\/03\/o-que-se-cobra-de-pessoas-negras-no-mundo-academico-jornal-da-usp\/\" class=\"home-blog-btn\">Ler mais<\/a><\/p>\n","protected":false},"author":1,"featured_media":0,"comment_status":"open","ping_status":"open","sticky":false,"template":"","format":"standard","meta":{"_jetpack_memberships_contains_paid_content":false,"footnotes":"","jetpack_publicize_message":"","jetpack_publicize_feature_enabled":true,"jetpack_social_post_already_shared":true,"jetpack_social_options":{"image_generator_settings":{"template":"highway","default_image_id":0,"font":"","enabled":false},"version":2}},"categories":[21],"tags":[2804,3858],"class_list":["post-29403","post","type-post","status-publish","format-standard","hentry","category-informeci","tag-cientistasnegros","tag-racismoinstitucional"],"jetpack_publicize_connections":[],"jetpack_featured_media_url":"","views":"","jetpack_sharing_enabled":true,"_links":{"self":[{"href":"https:\/\/www.pedroandretta.info\/index\/wp-json\/wp\/v2\/posts\/29403","targetHints":{"allow":["GET"]}}],"collection":[{"href":"https:\/\/www.pedroandretta.info\/index\/wp-json\/wp\/v2\/posts"}],"about":[{"href":"https:\/\/www.pedroandretta.info\/index\/wp-json\/wp\/v2\/types\/post"}],"author":[{"embeddable":true,"href":"https:\/\/www.pedroandretta.info\/index\/wp-json\/wp\/v2\/users\/1"}],"replies":[{"embeddable":true,"href":"https:\/\/www.pedroandretta.info\/index\/wp-json\/wp\/v2\/comments?post=29403"}],"version-history":[{"count":0,"href":"https:\/\/www.pedroandretta.info\/index\/wp-json\/wp\/v2\/posts\/29403\/revisions"}],"wp:attachment":[{"href":"https:\/\/www.pedroandretta.info\/index\/wp-json\/wp\/v2\/media?parent=29403"}],"wp:term":[{"taxonomy":"category","embeddable":true,"href":"https:\/\/www.pedroandretta.info\/index\/wp-json\/wp\/v2\/categories?post=29403"},{"taxonomy":"post_tag","embeddable":true,"href":"https:\/\/www.pedroandretta.info\/index\/wp-json\/wp\/v2\/tags?post=29403"}],"curies":[{"name":"wp","href":"https:\/\/api.w.org\/{rel}","templated":true}]}}