{"id":2941,"date":"2019-11-03T17:33:39","date_gmt":"2019-11-03T17:33:39","guid":{"rendered":"https:\/\/www.pedroandretta.info\/index\/?p=2941"},"modified":"2020-12-23T11:29:05","modified_gmt":"2020-12-23T15:29:05","slug":"galera-acho-que-todo-mundo-ja-leu-sobre-formacaodecolecoes-com-w-vergueiro-e-s","status":"publish","type":"post","link":"https:\/\/www.pedroandretta.info\/index\/2019\/11\/galera-acho-que-todo-mundo-ja-leu-sobre-formacaodecolecoes-com-w-vergueiro-e-s\/","title":{"rendered":"Galera, acho que todo mundo j\u00e1 leu sobre #forma\u00e7\u00e3odecole\u00e7\u00f5es com W.Vergueiro e S&#8230;"},"content":{"rendered":"<p>[ad_1]<br \/>\n<img data-recalc-dims=\"1\" decoding=\"async\" src=\"https:\/\/universoabiertoblog.files.wordpress.com\/2019\/11\/14965285154_1f91279e49_b.jpg?w=696\" \/><\/p>\n<blockquote class=\"twitter-tweet\">\n<p dir=\"ltr\" lang=\"pt\">Galera, acho que todo mundo j\u00e1 leu sobre <a href=\"https:\/\/twitter.com\/hashtag\/forma%C3%A7%C3%A3odecole%C3%A7%C3%B5es?src=hash&amp;ref_src=twsrc%5Etfw\" target=\"_blank\" rel=\"noopener noreferrer\">#forma\u00e7\u00e3odecole\u00e7\u00f5es<\/a> com W.Vergueiro e S.Weitzel e percebeu uma lacuna sobre a gest\u00e3o de cole\u00e7\u00f5es em meio digital! Agora deram uma luz \u201c Techniques for Electronic Resource Management\u201d. Tem o link pro texto completo! <a href=\"https:\/\/t.co\/Jbadrp683V\" target=\"_blank\" rel=\"noopener noreferrer\">https:\/\/t.co\/Jbadrp683V<\/a><\/p>\n<p>\u2014 Pedro Andretta (@andretta_pedro) <a href=\"https:\/\/twitter.com\/andretta_pedro\/status\/1191045788308250624?ref_src=twsrc%5Etfw\" target=\"_blank\" rel=\"noopener noreferrer\">November 3, 2019<\/a><\/p><\/blockquote>\n<p><script async=\"\" src=\"https:\/\/platform.twitter.com\/widgets.js\" charset=\"utf-8\"><\/script><\/p>\n<p>[ad_2]<\/p>\n<p><a href=\"https:\/\/twitter.com\/andretta_pedro\/statuses\/1191045788308250624\">Source<\/a> by <a href=\"https:\/\/t.co\/MfIsGWjH1p\">Pedro Andretta<\/a><\/p>\n","protected":false},"excerpt":{"rendered":"<p>[ad_1] Galera, acho que todo mundo j\u00e1 leu sobre #forma\u00e7\u00e3odecole\u00e7\u00f5es com W.Vergueiro e S.Weitzel e percebeu uma lacuna sobre a gest\u00e3o de cole\u00e7\u00f5es em meio digital! Agora deram uma luz \u201c Techniques for Electronic Resource Management\u201d. Tem o link pro texto completo! https:\/\/t.co\/Jbadrp683V \u2014 Pedro Andretta (@andretta_pedro) November 3, 2019 [ad_2] Source by Pedro Andretta<\/p>\n","protected":false},"author":1,"featured_media":2942,"comment_status":"closed","ping_status":"open","sticky":false,"template":"","format":"standard","meta":{"_jetpack_memberships_contains_paid_content":false,"footnotes":"","jetpack_publicize_message":"","jetpack_publicize_feature_enabled":true,"jetpack_social_post_already_shared":false,"jetpack_social_options":{"image_generator_settings":{"template":"highway","default_image_id":0,"font":"","enabled":false},"version":2}},"categories":[21],"tags":[51,1086],"class_list":["post-2941","post","type-post","status-publish","format-standard","has-post-thumbnail","hentry","category-informeci","tag-formacaodecolecoes","tag-gestaodemultimeios"],"jetpack_publicize_connections":[],"jetpack_featured_media_url":"https:\/\/i0.wp.com\/www.pedroandretta.info\/index\/wp-content\/uploads\/2019\/12\/14965285154_1f91279e49_b.jpg?fit=1002%2C588&ssl=1","views":"","jetpack_sharing_enabled":true,"_links":{"self":[{"href":"https:\/\/www.pedroandretta.info\/index\/wp-json\/wp\/v2\/posts\/2941","targetHints":{"allow":["GET"]}}],"collection":[{"href":"https:\/\/www.pedroandretta.info\/index\/wp-json\/wp\/v2\/posts"}],"about":[{"href":"https:\/\/www.pedroandretta.info\/index\/wp-json\/wp\/v2\/types\/post"}],"author":[{"embeddable":true,"href":"https:\/\/www.pedroandretta.info\/index\/wp-json\/wp\/v2\/users\/1"}],"replies":[{"embeddable":true,"href":"https:\/\/www.pedroandretta.info\/index\/wp-json\/wp\/v2\/comments?post=2941"}],"version-history":[{"count":0,"href":"https:\/\/www.pedroandretta.info\/index\/wp-json\/wp\/v2\/posts\/2941\/revisions"}],"wp:featuredmedia":[{"embeddable":true,"href":"https:\/\/www.pedroandretta.info\/index\/wp-json\/wp\/v2\/media\/2942"}],"wp:attachment":[{"href":"https:\/\/www.pedroandretta.info\/index\/wp-json\/wp\/v2\/media?parent=2941"}],"wp:term":[{"taxonomy":"category","embeddable":true,"href":"https:\/\/www.pedroandretta.info\/index\/wp-json\/wp\/v2\/categories?post=2941"},{"taxonomy":"post_tag","embeddable":true,"href":"https:\/\/www.pedroandretta.info\/index\/wp-json\/wp\/v2\/tags?post=2941"}],"curies":[{"name":"wp","href":"https:\/\/api.w.org\/{rel}","templated":true}]}}