{"id":29442,"date":"2025-03-06T11:33:00","date_gmt":"2025-03-06T15:33:00","guid":{"rendered":"https:\/\/www.pedroandretta.info\/index\/?p=29442"},"modified":"2025-03-06T11:33:04","modified_gmt":"2025-03-06T15:33:04","slug":"resolucao-cfb-184-de-29-de-setembro-de-2017","status":"publish","type":"post","link":"https:\/\/www.pedroandretta.info\/index\/2025\/03\/resolucao-cfb-184-de-29-de-setembro-de-2017\/","title":{"rendered":"Resolu\u00e7\u00e3o CFB 184, de 29 de setembro de 2017"},"content":{"rendered":"\n<p><strong>Resolu\u00e7\u00e3o CFB 184, de 29 de setembro de 2017<\/strong> &#8211; <strong>Disp\u00f5e sobre a obrigatoriedade da indica\u00e7\u00e3o do nome e do registro profissional do bibliotec\u00e1rio nos documentos de sua responsabilidade e nas fichas catalogr\u00e1ficas em publica\u00e7\u00f5es de qualquer natureza<\/strong><\/p>\n\n\n\n<p>\u00c9 obrigat\u00f3ria a cita\u00e7\u00e3o do n\u00famero de registro de Bibliotec\u00e1rio no Conselho Regional de Biblioteconomia (CRB), ap\u00f3s a assinatura de qualquer trabalho relacionado com as atividades bibliotecon\u00f4micas, bibliogr\u00e1ficas e documentol\u00f3gicas, em empreendimentos p\u00fablicos, privados ou mistos, ou por quaisquer meios que objetivarem, tecnicamente, o desenvolvimento das bibliotecas e centros de documenta\u00e7\u00e3o, inclusive por meio de planejamento, implanta\u00e7\u00e3o, orienta\u00e7\u00e3o, supervis\u00e3o, dire\u00e7\u00e3o, execu\u00e7\u00e3o ou assist\u00eancia.<\/p>\n\n\n\n<p>#Atua\u00e7\u00e3oProfissional #FichaCatalogr\u00e1fica #CFB<\/p>\n\n\n\n<p>Dispon\u00edvel em: <a href=\"http:\/\/repositorio.cfb.org.br\/handle\/123456789\/1298\">http:\/\/repositorio.cfb.org.br\/handle\/123456789\/1298<\/a><\/p>\n\n\n\n<figure class=\"wp-block-image size-large\"><img data-recalc-dims=\"1\" decoding=\"async\" width=\"447\" height=\"600\" src=\"https:\/\/i0.wp.com\/www.pedroandretta.info\/index\/wp-content\/uploads\/2025\/03\/image-10.png?resize=447%2C600&#038;ssl=1\" alt=\"\" class=\"wp-image-29443\" srcset=\"https:\/\/i0.wp.com\/www.pedroandretta.info\/index\/wp-content\/uploads\/2025\/03\/image-10.png?resize=447%2C600&amp;ssl=1 447w, https:\/\/i0.wp.com\/www.pedroandretta.info\/index\/wp-content\/uploads\/2025\/03\/image-10.png?resize=224%2C300&amp;ssl=1 224w, https:\/\/i0.wp.com\/www.pedroandretta.info\/index\/wp-content\/uploads\/2025\/03\/image-10.png?w=564&amp;ssl=1 564w\" sizes=\"(max-width: 447px) 100vw, 447px\" \/><\/figure>\n","protected":false},"excerpt":{"rendered":"<p>Resolu\u00e7\u00e3o CFB 184, de 29 de setembro de 2017 &#8211; Disp\u00f5e sobre a obrigatoriedade da indica\u00e7\u00e3o do nome e do registro profissional do bibliotec\u00e1rio nos documentos de sua responsabilidade e nas fichas catalogr\u00e1ficas em publica\u00e7\u00f5es de qualquer natureza \u00c9 obrigat\u00f3ria a cita\u00e7\u00e3o do n\u00famero de registro de Bibliotec\u00e1rio no Conselho Regional de Biblioteconomia (CRB), ap\u00f3s<\/p><\/div>\n<div class=\"blog-btn\"><a href=\"https:\/\/www.pedroandretta.info\/index\/2025\/03\/resolucao-cfb-184-de-29-de-setembro-de-2017\/\" class=\"home-blog-btn\">Ler mais<\/a><\/p>\n","protected":false},"author":1,"featured_media":0,"comment_status":"open","ping_status":"open","sticky":false,"template":"","format":"standard","meta":{"_jetpack_memberships_contains_paid_content":false,"footnotes":"","jetpack_publicize_message":"","jetpack_publicize_feature_enabled":true,"jetpack_social_post_already_shared":true,"jetpack_social_options":{"image_generator_settings":{"template":"highway","default_image_id":0,"font":"","enabled":false},"version":2}},"categories":[21],"tags":[1702,628,1206],"class_list":["post-29442","post","type-post","status-publish","format-standard","hentry","category-informeci","tag-atuacaoprofissional","tag-cfb","tag-fichacatalografica"],"jetpack_publicize_connections":[],"jetpack_featured_media_url":"","views":"","jetpack_sharing_enabled":true,"_links":{"self":[{"href":"https:\/\/www.pedroandretta.info\/index\/wp-json\/wp\/v2\/posts\/29442","targetHints":{"allow":["GET"]}}],"collection":[{"href":"https:\/\/www.pedroandretta.info\/index\/wp-json\/wp\/v2\/posts"}],"about":[{"href":"https:\/\/www.pedroandretta.info\/index\/wp-json\/wp\/v2\/types\/post"}],"author":[{"embeddable":true,"href":"https:\/\/www.pedroandretta.info\/index\/wp-json\/wp\/v2\/users\/1"}],"replies":[{"embeddable":true,"href":"https:\/\/www.pedroandretta.info\/index\/wp-json\/wp\/v2\/comments?post=29442"}],"version-history":[{"count":0,"href":"https:\/\/www.pedroandretta.info\/index\/wp-json\/wp\/v2\/posts\/29442\/revisions"}],"wp:attachment":[{"href":"https:\/\/www.pedroandretta.info\/index\/wp-json\/wp\/v2\/media?parent=29442"}],"wp:term":[{"taxonomy":"category","embeddable":true,"href":"https:\/\/www.pedroandretta.info\/index\/wp-json\/wp\/v2\/categories?post=29442"},{"taxonomy":"post_tag","embeddable":true,"href":"https:\/\/www.pedroandretta.info\/index\/wp-json\/wp\/v2\/tags?post=29442"}],"curies":[{"name":"wp","href":"https:\/\/api.w.org\/{rel}","templated":true}]}}