{"id":29459,"date":"2025-03-08T10:08:31","date_gmt":"2025-03-08T14:08:31","guid":{"rendered":"https:\/\/www.pedroandretta.info\/index\/?p=29459"},"modified":"2025-03-08T10:08:42","modified_gmt":"2025-03-08T14:08:42","slug":"dia-internacional-da-mulher-reflexoes-avancos-e-desafios-para-2025-ciencia-e-cultura","status":"publish","type":"post","link":"https:\/\/www.pedroandretta.info\/index\/2025\/03\/dia-internacional-da-mulher-reflexoes-avancos-e-desafios-para-2025-ciencia-e-cultura\/","title":{"rendered":"Dia Internacional da Mulher: Reflex\u00f5es, avan\u00e7os e desafios para 2025 \/ Ci\u00eancia e Cultura"},"content":{"rendered":"\n<p><strong>Dia Internacional da Mulher: Reflex\u00f5es, avan\u00e7os e desafios para 2025<\/strong><\/p>\n\n\n\n<p>O Dia Internacional da Mulher, celebrado em 8 de mar\u00e7o, \u00e9 mais do que uma data comemorativa; \u00e9 um marco hist\u00f3rico na luta por igualdade de g\u00eanero e direitos humanos. Reconhecida oficialmente pela Organiza\u00e7\u00e3o das Na\u00e7\u00f5es Unidas (ONU) em 1977, a data tem suas ra\u00edzes no in\u00edcio do s\u00e9culo XX, quando movimentos feministas reivindicavam melhores condi\u00e7\u00f5es de trabalho, direito ao voto e igualdade social. Desde ent\u00e3o, o 8 de mar\u00e7o simboliza tanto conquistas quanto desafios na constru\u00e7\u00e3o de uma sociedade mais justa.<\/p>\n\n\n\n<p>via Ci\u00eancia e Cultura<\/p>\n\n\n\n<p>#DiaInternacionalDaMulher<\/p>\n\n\n\n<p>Dispon\u00edvel em: <a href=\"https:\/\/revistacienciaecultura.org.br\/?p=7947\">https:\/\/revistacienciaecultura.org.br\/?p=7947<\/a><\/p>\n","protected":false},"excerpt":{"rendered":"<p>Dia Internacional da Mulher: Reflex\u00f5es, avan\u00e7os e desafios para 2025 O Dia Internacional da Mulher, celebrado em 8 de mar\u00e7o, \u00e9 mais do que uma data comemorativa; \u00e9 um marco hist\u00f3rico na luta por igualdade de g\u00eanero e direitos humanos. Reconhecida oficialmente pela Organiza\u00e7\u00e3o das Na\u00e7\u00f5es Unidas (ONU) em 1977, a data tem suas ra\u00edzes<\/p><\/div>\n<div class=\"blog-btn\"><a href=\"https:\/\/www.pedroandretta.info\/index\/2025\/03\/dia-internacional-da-mulher-reflexoes-avancos-e-desafios-para-2025-ciencia-e-cultura\/\" class=\"home-blog-btn\">Ler mais<\/a><\/p>\n","protected":false},"author":1,"featured_media":0,"comment_status":"open","ping_status":"open","sticky":false,"template":"","format":"standard","meta":{"_jetpack_memberships_contains_paid_content":false,"footnotes":"","jetpack_publicize_message":"","jetpack_publicize_feature_enabled":true,"jetpack_social_post_already_shared":true,"jetpack_social_options":{"image_generator_settings":{"template":"highway","default_image_id":0,"font":"","enabled":false},"version":2}},"categories":[21],"tags":[563],"class_list":["post-29459","post","type-post","status-publish","format-standard","hentry","category-informeci","tag-diainternacionaldamulher"],"jetpack_publicize_connections":[],"jetpack_featured_media_url":"","views":"","jetpack_sharing_enabled":true,"_links":{"self":[{"href":"https:\/\/www.pedroandretta.info\/index\/wp-json\/wp\/v2\/posts\/29459","targetHints":{"allow":["GET"]}}],"collection":[{"href":"https:\/\/www.pedroandretta.info\/index\/wp-json\/wp\/v2\/posts"}],"about":[{"href":"https:\/\/www.pedroandretta.info\/index\/wp-json\/wp\/v2\/types\/post"}],"author":[{"embeddable":true,"href":"https:\/\/www.pedroandretta.info\/index\/wp-json\/wp\/v2\/users\/1"}],"replies":[{"embeddable":true,"href":"https:\/\/www.pedroandretta.info\/index\/wp-json\/wp\/v2\/comments?post=29459"}],"version-history":[{"count":0,"href":"https:\/\/www.pedroandretta.info\/index\/wp-json\/wp\/v2\/posts\/29459\/revisions"}],"wp:attachment":[{"href":"https:\/\/www.pedroandretta.info\/index\/wp-json\/wp\/v2\/media?parent=29459"}],"wp:term":[{"taxonomy":"category","embeddable":true,"href":"https:\/\/www.pedroandretta.info\/index\/wp-json\/wp\/v2\/categories?post=29459"},{"taxonomy":"post_tag","embeddable":true,"href":"https:\/\/www.pedroandretta.info\/index\/wp-json\/wp\/v2\/tags?post=29459"}],"curies":[{"name":"wp","href":"https:\/\/api.w.org\/{rel}","templated":true}]}}