{"id":29530,"date":"2025-03-13T11:26:22","date_gmt":"2025-03-13T15:26:22","guid":{"rendered":"https:\/\/www.pedroandretta.info\/index\/?p=29530"},"modified":"2025-03-13T11:26:26","modified_gmt":"2025-03-13T15:26:26","slug":"o-que-ha-em-um-nome-mudancas-no-titulo-de-periodicos-academicos-e-a-busca-por-visibilidade-internacional-jasist","status":"publish","type":"post","link":"https:\/\/www.pedroandretta.info\/index\/2025\/03\/o-que-ha-em-um-nome-mudancas-no-titulo-de-periodicos-academicos-e-a-busca-por-visibilidade-internacional-jasist\/","title":{"rendered":"O que h\u00e1 em um nome? Mudan\u00e7as no t\u00edtulo de peri\u00f3dicos acad\u00eamicos e a busca por visibilidade internacional \/ JASIST"},"content":{"rendered":"\n<p><strong>O que h\u00e1 em um nome? Mudan\u00e7as no t\u00edtulo de peri\u00f3dicos acad\u00eamicos e a busca por visibilidade internacional<\/strong><\/p>\n\n\n\n<p>A acelera\u00e7\u00e3o da tend\u00eancia \u00e0 desnacionaliza\u00e7\u00e3o e angliciza\u00e7\u00e3o de t\u00edtulos de peri\u00f3dicos coincidiu com a ascens\u00e3o dos discursos sobre internacionaliza\u00e7\u00e3o na d\u00e9cada de 1980 e o uso crescente, uma d\u00e9cada depois, de indicadores quantitativos na avalia\u00e7\u00e3o de pesquisa, acima de tudo o fator de impacto. Em geral, essa estrat\u00e9gia de reformula\u00e7\u00e3o da marca dos peri\u00f3dicos acad\u00eamicos resultou em uma maior visibilidade no mercado global de publica\u00e7\u00f5es cient\u00edficas, levando a uma autoria e p\u00fablico leitor mais internacionalizados, mas em detrimento do uso de idiomas nacionais.<\/p>\n\n\n\n<p>#Media\u00e7\u00e3oEditorial #Gest\u00e3oEditorial #Peri\u00f3dicos<\/p>\n\n\n\n<p>Dispon\u00edvel em: <a href=\"https:\/\/asistdl.onlinelibrary.wiley.com\/doi\/10.1002\/asi.24989\">https:\/\/asistdl.onlinelibrary.wiley.com\/doi\/10.1002\/asi.24989<\/a><\/p>\n\n\n\n<figure class=\"wp-block-image size-large\"><img data-recalc-dims=\"1\" decoding=\"async\" width=\"563\" height=\"600\" src=\"https:\/\/i0.wp.com\/www.pedroandretta.info\/index\/wp-content\/uploads\/2025\/03\/image-30.png?resize=563%2C600&#038;ssl=1\" alt=\"\" class=\"wp-image-29531\" srcset=\"https:\/\/i0.wp.com\/www.pedroandretta.info\/index\/wp-content\/uploads\/2025\/03\/image-30.png?resize=563%2C600&amp;ssl=1 563w, https:\/\/i0.wp.com\/www.pedroandretta.info\/index\/wp-content\/uploads\/2025\/03\/image-30.png?resize=282%2C300&amp;ssl=1 282w, https:\/\/i0.wp.com\/www.pedroandretta.info\/index\/wp-content\/uploads\/2025\/03\/image-30.png?w=719&amp;ssl=1 719w\" sizes=\"(max-width: 563px) 100vw, 563px\" \/><\/figure>\n","protected":false},"excerpt":{"rendered":"<p>O que h\u00e1 em um nome? Mudan\u00e7as no t\u00edtulo de peri\u00f3dicos acad\u00eamicos e a busca por visibilidade internacional A acelera\u00e7\u00e3o da tend\u00eancia \u00e0 desnacionaliza\u00e7\u00e3o e angliciza\u00e7\u00e3o de t\u00edtulos de peri\u00f3dicos coincidiu com a ascens\u00e3o dos discursos sobre internacionaliza\u00e7\u00e3o na d\u00e9cada de 1980 e o uso crescente, uma d\u00e9cada depois, de indicadores quantitativos na avalia\u00e7\u00e3o de<\/p><\/div>\n<div class=\"blog-btn\"><a href=\"https:\/\/www.pedroandretta.info\/index\/2025\/03\/o-que-ha-em-um-nome-mudancas-no-titulo-de-periodicos-academicos-e-a-busca-por-visibilidade-internacional-jasist\/\" class=\"home-blog-btn\">Ler mais<\/a><\/p>\n","protected":false},"author":1,"featured_media":0,"comment_status":"open","ping_status":"open","sticky":false,"template":"","format":"standard","meta":{"_jetpack_memberships_contains_paid_content":false,"footnotes":"","jetpack_publicize_message":"","jetpack_publicize_feature_enabled":true,"jetpack_social_post_already_shared":true,"jetpack_social_options":{"image_generator_settings":{"template":"highway","default_image_id":0,"font":"","enabled":false},"version":2}},"categories":[21],"tags":[663,425,243],"class_list":["post-29530","post","type-post","status-publish","format-standard","hentry","category-informeci","tag-gestaoeditorial","tag-mediacaoeditorial","tag-periodicos"],"jetpack_publicize_connections":[],"jetpack_featured_media_url":"","views":"","jetpack_sharing_enabled":true,"_links":{"self":[{"href":"https:\/\/www.pedroandretta.info\/index\/wp-json\/wp\/v2\/posts\/29530","targetHints":{"allow":["GET"]}}],"collection":[{"href":"https:\/\/www.pedroandretta.info\/index\/wp-json\/wp\/v2\/posts"}],"about":[{"href":"https:\/\/www.pedroandretta.info\/index\/wp-json\/wp\/v2\/types\/post"}],"author":[{"embeddable":true,"href":"https:\/\/www.pedroandretta.info\/index\/wp-json\/wp\/v2\/users\/1"}],"replies":[{"embeddable":true,"href":"https:\/\/www.pedroandretta.info\/index\/wp-json\/wp\/v2\/comments?post=29530"}],"version-history":[{"count":0,"href":"https:\/\/www.pedroandretta.info\/index\/wp-json\/wp\/v2\/posts\/29530\/revisions"}],"wp:attachment":[{"href":"https:\/\/www.pedroandretta.info\/index\/wp-json\/wp\/v2\/media?parent=29530"}],"wp:term":[{"taxonomy":"category","embeddable":true,"href":"https:\/\/www.pedroandretta.info\/index\/wp-json\/wp\/v2\/categories?post=29530"},{"taxonomy":"post_tag","embeddable":true,"href":"https:\/\/www.pedroandretta.info\/index\/wp-json\/wp\/v2\/tags?post=29530"}],"curies":[{"name":"wp","href":"https:\/\/api.w.org\/{rel}","templated":true}]}}