{"id":29535,"date":"2025-03-13T11:30:54","date_gmt":"2025-03-13T15:30:54","guid":{"rendered":"https:\/\/www.pedroandretta.info\/index\/?p=29535"},"modified":"2025-03-13T11:30:59","modified_gmt":"2025-03-13T15:30:59","slug":"realizacao-profissional-leitura-e-contexto","status":"publish","type":"post","link":"https:\/\/www.pedroandretta.info\/index\/2025\/03\/realizacao-profissional-leitura-e-contexto\/","title":{"rendered":"Realiza\u00e7\u00e3o profissional \/ Leitura e Contexto"},"content":{"rendered":"\n<p><strong>Realiza\u00e7\u00e3o profissional<\/strong><\/p>\n\n\n\n<p>Se voc\u00ea pensa que a Biblioteconomia est\u00e1 presa ao passado estereotipado, engana-se, mude esse pensamento, tenha outro olhar para ela. Apesar de preservar e respeitar suas origens, est\u00e1 atualizada e renovada, sempre buscando o novo. E eu junto vou acompanhando toda essa evolu\u00e7\u00e3o, do cat\u00e1logo de fichas catalogr\u00e1ficas datilografadas em papel at\u00e9 as bases de dados de acesso online, com possibilidades de uso da intelig\u00eancia artificial.<\/p>\n\n\n\n<p>Neste ano comemoramos 60 anos da regulamenta\u00e7\u00e3o da profiss\u00e3o, por interm\u00e9dio do Decreto n\u00ba 56.725, de 16 de agosto de 1965, que regulamentou a Lei n\u00ba 4.084, de 30 de junho de 1962, que disp\u00f5e sobre o exerc\u00edcio da profiss\u00e3o de Bibliotec\u00e1rio.<\/p>\n\n\n\n<p>via Leitura e Contexto<\/p>\n\n\n\n<p>#Biblioteconomia #Bibliotec\u00e1rios<\/p>\n\n\n\n<p>Dispon\u00edvel em: <a href=\"https:\/\/leituraecontexto.blogspot.com\/2025\/03\/realizacao-profissional.html\">https:\/\/leituraecontexto.blogspot.com\/2025\/03\/realizacao-profissional.html<\/a><\/p>\n","protected":false},"excerpt":{"rendered":"<p>Realiza\u00e7\u00e3o profissional Se voc\u00ea pensa que a Biblioteconomia est\u00e1 presa ao passado estereotipado, engana-se, mude esse pensamento, tenha outro olhar para ela. Apesar de preservar e respeitar suas origens, est\u00e1 atualizada e renovada, sempre buscando o novo. E eu junto vou acompanhando toda essa evolu\u00e7\u00e3o, do cat\u00e1logo de fichas catalogr\u00e1ficas datilografadas em papel at\u00e9 as<\/p><\/div>\n<div class=\"blog-btn\"><a href=\"https:\/\/www.pedroandretta.info\/index\/2025\/03\/realizacao-profissional-leitura-e-contexto\/\" class=\"home-blog-btn\">Ler mais<\/a><\/p>\n","protected":false},"author":1,"featured_media":0,"comment_status":"open","ping_status":"open","sticky":false,"template":"","format":"standard","meta":{"_jetpack_memberships_contains_paid_content":false,"footnotes":"","jetpack_publicize_message":"","jetpack_publicize_feature_enabled":true,"jetpack_social_post_already_shared":true,"jetpack_social_options":{"image_generator_settings":{"template":"highway","default_image_id":0,"font":"","enabled":false},"version":2}},"categories":[21],"tags":[22,33],"class_list":["post-29535","post","type-post","status-publish","format-standard","hentry","category-informeci","tag-bibliotecarios","tag-biblioteconomia"],"jetpack_publicize_connections":[],"jetpack_featured_media_url":"","views":"","jetpack_sharing_enabled":true,"_links":{"self":[{"href":"https:\/\/www.pedroandretta.info\/index\/wp-json\/wp\/v2\/posts\/29535","targetHints":{"allow":["GET"]}}],"collection":[{"href":"https:\/\/www.pedroandretta.info\/index\/wp-json\/wp\/v2\/posts"}],"about":[{"href":"https:\/\/www.pedroandretta.info\/index\/wp-json\/wp\/v2\/types\/post"}],"author":[{"embeddable":true,"href":"https:\/\/www.pedroandretta.info\/index\/wp-json\/wp\/v2\/users\/1"}],"replies":[{"embeddable":true,"href":"https:\/\/www.pedroandretta.info\/index\/wp-json\/wp\/v2\/comments?post=29535"}],"version-history":[{"count":0,"href":"https:\/\/www.pedroandretta.info\/index\/wp-json\/wp\/v2\/posts\/29535\/revisions"}],"wp:attachment":[{"href":"https:\/\/www.pedroandretta.info\/index\/wp-json\/wp\/v2\/media?parent=29535"}],"wp:term":[{"taxonomy":"category","embeddable":true,"href":"https:\/\/www.pedroandretta.info\/index\/wp-json\/wp\/v2\/categories?post=29535"},{"taxonomy":"post_tag","embeddable":true,"href":"https:\/\/www.pedroandretta.info\/index\/wp-json\/wp\/v2\/tags?post=29535"}],"curies":[{"name":"wp","href":"https:\/\/api.w.org\/{rel}","templated":true}]}}