{"id":29623,"date":"2025-03-19T09:38:37","date_gmt":"2025-03-19T13:38:37","guid":{"rendered":"https:\/\/www.pedroandretta.info\/index\/?p=29623"},"modified":"2025-03-19T09:38:42","modified_gmt":"2025-03-19T13:38:42","slug":"o-dia-em-que-os-bibliotecarios-desapareceram-gaping-void","status":"publish","type":"post","link":"https:\/\/www.pedroandretta.info\/index\/2025\/03\/o-dia-em-que-os-bibliotecarios-desapareceram-gaping-void\/","title":{"rendered":"O dia em que os bibliotec\u00e1rios desapareceram \/ Gaping Void"},"content":{"rendered":"\n<p><strong>O dia em que os bibliotec\u00e1rios desapareceram<\/strong><\/p>\n\n\n\n<p>Anos se passaram desde aquele per\u00edodo de incerteza. Os bibliotec\u00e1rios nunca retornaram. Houve muita introspec\u00e7\u00e3o e desespero. N\u00f3s procuramos e procuramos algu\u00e9m especial para assumir nossa biblioteca, mas aqueles com habilidades e temperamento \u00fanicos, conhecimento e paix\u00e3o, eram dif\u00edceis de encontrar. As coisas ficaram t\u00e3o ruins que me voluntariei pelo bem dos nossos alunos. N\u00e3o havia como dar conta de tudo, mas eu vivia um dia de cada vez, me adaptando, aprendendo e fazendo o que era certo para as crian\u00e7as todos os dias. Tive que me reinventar, pois a profiss\u00e3o, a tecnologia e as necessidades e interesses dos alunos tamb\u00e9m mudaram.<\/p>\n\n\n\n<p>via Gaping Void<\/p>\n\n\n\n<p>#Bibliotec\u00e1rios<\/p>\n\n\n\n<p>Dispon\u00edvel em: <a href=\"https:\/\/media.gapingvoid.com\/imls-ebook\/full-view.html\">https:\/\/media.gapingvoid.com\/imls-ebook\/full-view.html<\/a><\/p>\n\n\n\n<figure class=\"wp-block-image size-large\"><img data-recalc-dims=\"1\" decoding=\"async\" width=\"600\" height=\"244\" src=\"https:\/\/i0.wp.com\/www.pedroandretta.info\/index\/wp-content\/uploads\/2025\/03\/image-52.png?resize=600%2C244&#038;ssl=1\" alt=\"\" class=\"wp-image-29624\" srcset=\"https:\/\/i0.wp.com\/www.pedroandretta.info\/index\/wp-content\/uploads\/2025\/03\/image-52.png?resize=600%2C244&amp;ssl=1 600w, https:\/\/i0.wp.com\/www.pedroandretta.info\/index\/wp-content\/uploads\/2025\/03\/image-52.png?resize=300%2C122&amp;ssl=1 300w, https:\/\/i0.wp.com\/www.pedroandretta.info\/index\/wp-content\/uploads\/2025\/03\/image-52.png?resize=768%2C312&amp;ssl=1 768w, https:\/\/i0.wp.com\/www.pedroandretta.info\/index\/wp-content\/uploads\/2025\/03\/image-52.png?resize=1536%2C624&amp;ssl=1 1536w, https:\/\/i0.wp.com\/www.pedroandretta.info\/index\/wp-content\/uploads\/2025\/03\/image-52.png?resize=1320%2C536&amp;ssl=1 1320w, https:\/\/i0.wp.com\/www.pedroandretta.info\/index\/wp-content\/uploads\/2025\/03\/image-52.png?w=1850&amp;ssl=1 1850w, https:\/\/i0.wp.com\/www.pedroandretta.info\/index\/wp-content\/uploads\/2025\/03\/image-52.png?w=1392&amp;ssl=1 1392w\" sizes=\"(max-width: 600px) 100vw, 600px\" \/><\/figure>\n","protected":false},"excerpt":{"rendered":"<p>O dia em que os bibliotec\u00e1rios desapareceram Anos se passaram desde aquele per\u00edodo de incerteza. Os bibliotec\u00e1rios nunca retornaram. Houve muita introspec\u00e7\u00e3o e desespero. N\u00f3s procuramos e procuramos algu\u00e9m especial para assumir nossa biblioteca, mas aqueles com habilidades e temperamento \u00fanicos, conhecimento e paix\u00e3o, eram dif\u00edceis de encontrar. As coisas ficaram t\u00e3o ruins que me<\/p><\/div>\n<div class=\"blog-btn\"><a href=\"https:\/\/www.pedroandretta.info\/index\/2025\/03\/o-dia-em-que-os-bibliotecarios-desapareceram-gaping-void\/\" class=\"home-blog-btn\">Ler mais<\/a><\/p>\n","protected":false},"author":1,"featured_media":0,"comment_status":"open","ping_status":"open","sticky":false,"template":"","format":"standard","meta":{"_jetpack_memberships_contains_paid_content":false,"footnotes":"","jetpack_publicize_message":"","jetpack_publicize_feature_enabled":true,"jetpack_social_post_already_shared":true,"jetpack_social_options":{"image_generator_settings":{"template":"highway","default_image_id":0,"font":"","enabled":false},"version":2}},"categories":[21],"tags":[22],"class_list":["post-29623","post","type-post","status-publish","format-standard","hentry","category-informeci","tag-bibliotecarios"],"jetpack_publicize_connections":[],"jetpack_featured_media_url":"","views":"","jetpack_sharing_enabled":true,"_links":{"self":[{"href":"https:\/\/www.pedroandretta.info\/index\/wp-json\/wp\/v2\/posts\/29623","targetHints":{"allow":["GET"]}}],"collection":[{"href":"https:\/\/www.pedroandretta.info\/index\/wp-json\/wp\/v2\/posts"}],"about":[{"href":"https:\/\/www.pedroandretta.info\/index\/wp-json\/wp\/v2\/types\/post"}],"author":[{"embeddable":true,"href":"https:\/\/www.pedroandretta.info\/index\/wp-json\/wp\/v2\/users\/1"}],"replies":[{"embeddable":true,"href":"https:\/\/www.pedroandretta.info\/index\/wp-json\/wp\/v2\/comments?post=29623"}],"version-history":[{"count":0,"href":"https:\/\/www.pedroandretta.info\/index\/wp-json\/wp\/v2\/posts\/29623\/revisions"}],"wp:attachment":[{"href":"https:\/\/www.pedroandretta.info\/index\/wp-json\/wp\/v2\/media?parent=29623"}],"wp:term":[{"taxonomy":"category","embeddable":true,"href":"https:\/\/www.pedroandretta.info\/index\/wp-json\/wp\/v2\/categories?post=29623"},{"taxonomy":"post_tag","embeddable":true,"href":"https:\/\/www.pedroandretta.info\/index\/wp-json\/wp\/v2\/tags?post=29623"}],"curies":[{"name":"wp","href":"https:\/\/api.w.org\/{rel}","templated":true}]}}