{"id":29626,"date":"2025-03-19T09:42:32","date_gmt":"2025-03-19T13:42:32","guid":{"rendered":"https:\/\/www.pedroandretta.info\/index\/?p=29626"},"modified":"2025-03-19T09:42:36","modified_gmt":"2025-03-19T13:42:36","slug":"semioses-algoritmicas-e-vies-racial-um-estudo-de-imagens-criadas-pela-ia-generativa-encontros-bibli","status":"publish","type":"post","link":"https:\/\/www.pedroandretta.info\/index\/2025\/03\/semioses-algoritmicas-e-vies-racial-um-estudo-de-imagens-criadas-pela-ia-generativa-encontros-bibli\/","title":{"rendered":"Semioses algor\u00edtmicas e vi\u00e9s racial: um estudo de imagens criadas pela IA generativa \/ Encontros Bibli"},"content":{"rendered":"\n<p><strong>Semioses algor\u00edtmicas e vi\u00e9s racial: um estudo de imagens criadas pela IA generativa<\/strong><\/p>\n\n\n\n<p>As IAs generativas analisadas integram um novo ciclo de produ\u00e7\u00e3o de realidades visuais que reflete, reproduz e amplifica dispositivos de racialidade j\u00e1 existentes. As imagens t\u00e9cnicas geradas por IA refletem rela\u00e7\u00f5es de poder, bem como, marcadores da branquitude e do racismo, evidenciando como a tecnologia assistiva se entrela\u00e7a com as representa\u00e7\u00f5es sociais e culturais em sua a\u00e7\u00e3o s\u00edgnica.\u00a0<\/p>\n\n\n\n<p>#Racismo #IA #Braquitude #Media\u00e7\u00e3oAlgor\u00edtmica<\/p>\n\n\n\n<p>Dispon\u00edvel em: <a href=\"https:\/\/periodicos.ufsc.br\/index.php\/eb\/article\/view\/103495\">https:\/\/periodicos.ufsc.br\/index.php\/eb\/article\/view\/103495<\/a><\/p>\n\n\n\n<figure class=\"wp-block-image size-large\"><img data-recalc-dims=\"1\" decoding=\"async\" width=\"417\" height=\"600\" src=\"https:\/\/i0.wp.com\/www.pedroandretta.info\/index\/wp-content\/uploads\/2025\/03\/image-53.png?resize=417%2C600&#038;ssl=1\" alt=\"\" class=\"wp-image-29627\" srcset=\"https:\/\/i0.wp.com\/www.pedroandretta.info\/index\/wp-content\/uploads\/2025\/03\/image-53.png?resize=417%2C600&amp;ssl=1 417w, https:\/\/i0.wp.com\/www.pedroandretta.info\/index\/wp-content\/uploads\/2025\/03\/image-53.png?resize=209%2C300&amp;ssl=1 209w, https:\/\/i0.wp.com\/www.pedroandretta.info\/index\/wp-content\/uploads\/2025\/03\/image-53.png?w=532&amp;ssl=1 532w\" sizes=\"(max-width: 417px) 100vw, 417px\" \/><\/figure>\n","protected":false},"excerpt":{"rendered":"<p>Semioses algor\u00edtmicas e vi\u00e9s racial: um estudo de imagens criadas pela IA generativa As IAs generativas analisadas integram um novo ciclo de produ\u00e7\u00e3o de realidades visuais que reflete, reproduz e amplifica dispositivos de racialidade j\u00e1 existentes. As imagens t\u00e9cnicas geradas por IA refletem rela\u00e7\u00f5es de poder, bem como, marcadores da branquitude e do racismo, evidenciando<\/p><\/div>\n<div class=\"blog-btn\"><a href=\"https:\/\/www.pedroandretta.info\/index\/2025\/03\/semioses-algoritmicas-e-vies-racial-um-estudo-de-imagens-criadas-pela-ia-generativa-encontros-bibli\/\" class=\"home-blog-btn\">Ler mais<\/a><\/p>\n","protected":false},"author":1,"featured_media":0,"comment_status":"open","ping_status":"open","sticky":false,"template":"","format":"standard","meta":{"_jetpack_memberships_contains_paid_content":false,"footnotes":"","jetpack_publicize_message":"","jetpack_publicize_feature_enabled":true,"jetpack_social_post_already_shared":true,"jetpack_social_options":{"image_generator_settings":{"template":"highway","default_image_id":0,"font":"","enabled":false},"version":2}},"categories":[21],"tags":[2890,1994,3228,247],"class_list":["post-29626","post","type-post","status-publish","format-standard","hentry","category-informeci","tag-branquitude","tag-inteligenciaartificial","tag-mediacaoalgoritmica","tag-racismo"],"jetpack_publicize_connections":[],"jetpack_featured_media_url":"","views":"","jetpack_sharing_enabled":true,"_links":{"self":[{"href":"https:\/\/www.pedroandretta.info\/index\/wp-json\/wp\/v2\/posts\/29626","targetHints":{"allow":["GET"]}}],"collection":[{"href":"https:\/\/www.pedroandretta.info\/index\/wp-json\/wp\/v2\/posts"}],"about":[{"href":"https:\/\/www.pedroandretta.info\/index\/wp-json\/wp\/v2\/types\/post"}],"author":[{"embeddable":true,"href":"https:\/\/www.pedroandretta.info\/index\/wp-json\/wp\/v2\/users\/1"}],"replies":[{"embeddable":true,"href":"https:\/\/www.pedroandretta.info\/index\/wp-json\/wp\/v2\/comments?post=29626"}],"version-history":[{"count":0,"href":"https:\/\/www.pedroandretta.info\/index\/wp-json\/wp\/v2\/posts\/29626\/revisions"}],"wp:attachment":[{"href":"https:\/\/www.pedroandretta.info\/index\/wp-json\/wp\/v2\/media?parent=29626"}],"wp:term":[{"taxonomy":"category","embeddable":true,"href":"https:\/\/www.pedroandretta.info\/index\/wp-json\/wp\/v2\/categories?post=29626"},{"taxonomy":"post_tag","embeddable":true,"href":"https:\/\/www.pedroandretta.info\/index\/wp-json\/wp\/v2\/tags?post=29626"}],"curies":[{"name":"wp","href":"https:\/\/api.w.org\/{rel}","templated":true}]}}