{"id":29655,"date":"2025-03-20T16:49:53","date_gmt":"2025-03-20T20:49:53","guid":{"rendered":"https:\/\/www.pedroandretta.info\/index\/?p=29655"},"modified":"2025-03-20T16:49:57","modified_gmt":"2025-03-20T20:49:57","slug":"competencias-essenciais-para-bibliotecarios-profissionais-de-catalogacao-e-metadados-library-resources-technical-services","status":"publish","type":"post","link":"https:\/\/www.pedroandretta.info\/index\/2025\/03\/competencias-essenciais-para-bibliotecarios-profissionais-de-catalogacao-e-metadados-library-resources-technical-services\/","title":{"rendered":"Compet\u00eancias Essenciais para Bibliotec\u00e1rios Profissionais de Cataloga\u00e7\u00e3o e Metadados \/ Library Resources &amp; Technical Services"},"content":{"rendered":"\n<p><strong>Compet\u00eancias Essenciais para Bibliotec\u00e1rios Profissionais de Cataloga\u00e7\u00e3o e Metadados<\/strong><\/p>\n\n\n\n<p>Os entrevistados tamb\u00e9m deixaram claro que \u00e9 importante enfatizar compet\u00eancias relacionadas \u00e0 DEI e \u00e0 cataloga\u00e7\u00e3o cr\u00edtica. A necessidade de cataloga\u00e7\u00e3o reparadora em vista de v\u00e1rios vocabul\u00e1rios controlados contendo linguagem colonial centrada no Ocidente em refer\u00eancia a grupos sub-representados foi corretamente chamada e destacada nos \u00faltimos tempos,\u00a0e o documento deve refletir esse fato.\u00a0<\/p>\n\n\n\n<p>#Cataloga\u00e7\u00e3o #Bibliotec\u00e1rios #Compet\u00eancia<\/p>\n\n\n\n<p>Dispon\u00edvel em: <a href=\"https:\/\/journals.ala.org\/index.php\/lrts\/article\/view\/8134\/11324\">https:\/\/journals.ala.org\/index.php\/lrts\/article\/view\/8134\/11324<\/a><\/p>\n\n\n\n<figure class=\"wp-block-image size-large\"><img data-recalc-dims=\"1\" decoding=\"async\" width=\"449\" height=\"600\" src=\"https:\/\/i0.wp.com\/www.pedroandretta.info\/index\/wp-content\/uploads\/2025\/03\/image-59.png?resize=449%2C600&#038;ssl=1\" alt=\"\" class=\"wp-image-29656\" srcset=\"https:\/\/i0.wp.com\/www.pedroandretta.info\/index\/wp-content\/uploads\/2025\/03\/image-59.png?resize=449%2C600&amp;ssl=1 449w, https:\/\/i0.wp.com\/www.pedroandretta.info\/index\/wp-content\/uploads\/2025\/03\/image-59.png?resize=224%2C300&amp;ssl=1 224w, https:\/\/i0.wp.com\/www.pedroandretta.info\/index\/wp-content\/uploads\/2025\/03\/image-59.png?w=554&amp;ssl=1 554w\" sizes=\"(max-width: 449px) 100vw, 449px\" \/><\/figure>\n","protected":false},"excerpt":{"rendered":"<p>Compet\u00eancias Essenciais para Bibliotec\u00e1rios Profissionais de Cataloga\u00e7\u00e3o e Metadados Os entrevistados tamb\u00e9m deixaram claro que \u00e9 importante enfatizar compet\u00eancias relacionadas \u00e0 DEI e \u00e0 cataloga\u00e7\u00e3o cr\u00edtica. A necessidade de cataloga\u00e7\u00e3o reparadora em vista de v\u00e1rios vocabul\u00e1rios controlados contendo linguagem colonial centrada no Ocidente em refer\u00eancia a grupos sub-representados foi corretamente chamada e destacada nos \u00faltimos<\/p><\/div>\n<div class=\"blog-btn\"><a href=\"https:\/\/www.pedroandretta.info\/index\/2025\/03\/competencias-essenciais-para-bibliotecarios-profissionais-de-catalogacao-e-metadados-library-resources-technical-services\/\" class=\"home-blog-btn\">Ler mais<\/a><\/p>\n","protected":false},"author":1,"featured_media":0,"comment_status":"open","ping_status":"open","sticky":false,"template":"","format":"standard","meta":{"_jetpack_newsletter_access":"","_jetpack_dont_email_post_to_subs":false,"_jetpack_newsletter_tier_id":0,"_jetpack_memberships_contains_paywalled_content":false,"_jetpack_feature_clip_id":0,"_jetpack_memberships_contains_paid_content":false,"footnotes":"","jetpack_publicize_message":"","jetpack_publicize_feature_enabled":true,"jetpack_social_post_already_shared":true,"jetpack_social_options":{"image_generator_settings":{"template":"highway","default_image_id":0,"font":"","enabled":false},"version":2},"jetpack_post_was_ever_published":false},"categories":[21],"tags":[22,67,1300],"class_list":["post-29655","post","type-post","status-publish","format-standard","hentry","category-informeci","tag-bibliotecarios","tag-catalogacao","tag-competencia"],"jetpack_publicize_connections":[],"jetpack_featured_media_url":"","views":"","jetpack_sharing_enabled":true,"_links":{"self":[{"href":"https:\/\/www.pedroandretta.info\/index\/wp-json\/wp\/v2\/posts\/29655","targetHints":{"allow":["GET"]}}],"collection":[{"href":"https:\/\/www.pedroandretta.info\/index\/wp-json\/wp\/v2\/posts"}],"about":[{"href":"https:\/\/www.pedroandretta.info\/index\/wp-json\/wp\/v2\/types\/post"}],"author":[{"embeddable":true,"href":"https:\/\/www.pedroandretta.info\/index\/wp-json\/wp\/v2\/users\/1"}],"replies":[{"embeddable":true,"href":"https:\/\/www.pedroandretta.info\/index\/wp-json\/wp\/v2\/comments?post=29655"}],"version-history":[{"count":0,"href":"https:\/\/www.pedroandretta.info\/index\/wp-json\/wp\/v2\/posts\/29655\/revisions"}],"wp:attachment":[{"href":"https:\/\/www.pedroandretta.info\/index\/wp-json\/wp\/v2\/media?parent=29655"}],"wp:term":[{"taxonomy":"category","embeddable":true,"href":"https:\/\/www.pedroandretta.info\/index\/wp-json\/wp\/v2\/categories?post=29655"},{"taxonomy":"post_tag","embeddable":true,"href":"https:\/\/www.pedroandretta.info\/index\/wp-json\/wp\/v2\/tags?post=29655"}],"curies":[{"name":"wp","href":"https:\/\/api.w.org\/{rel}","templated":true}]}}