{"id":2967,"date":"2019-10-29T16:10:28","date_gmt":"2019-10-29T16:10:28","guid":{"rendered":"https:\/\/www.pedroandretta.info\/index\/?p=2967"},"modified":"2019-10-29T16:10:28","modified_gmt":"2019-10-29T16:10:28","slug":"defender-investimentos-nos-livros-na-leitura-e-nas-bibliotecas-como-direitos-h","status":"publish","type":"post","link":"https:\/\/www.pedroandretta.info\/index\/2019\/10\/defender-investimentos-nos-livros-na-leitura-e-nas-bibliotecas-como-direitos-h\/","title":{"rendered":"\u201dDefender investimentos nos livros, na leitura e nas bibliotecas como direitos h&#8230;"},"content":{"rendered":"<p>[ad_1]<br \/>\n<img data-recalc-dims=\"1\" decoding=\"async\" src=\"https:\/\/i0.wp.com\/biblioo.cartacapital.com.br\/wp-content\/uploads\/2019\/07\/Bibliotecas.jpg?w=696&#038;ssl=1\"\/><\/p>\n<blockquote class=\"twitter-tweet\">\n<p lang=\"pt\" dir=\"ltr\">\u201dDefender investimentos nos livros, na leitura e nas bibliotecas como direitos humanos \u00e9 premente e necess\u00e1rio. E esta n\u00e3o \u00e9 (ou pelo menos n\u00e3o deveria ser) uma pauta apenas dos segmentos envolvidos, mas de toda a sociedade\u201d. &#8211; via  \u2066\u2066<a target=\"_blank\" href=\"https:\/\/twitter.com\/biblioo?ref_src=twsrc%5Etfw\" rel=\"noopener noreferrer\">@biblioo<\/a>\u2069  <a target=\"_blank\" href=\"https:\/\/t.co\/7VwA95TPYG\" rel=\"noopener noreferrer\">https:\/\/t.co\/7VwA95TPYG<\/a><\/p>\n<p>&mdash; Pedro Andretta (@andretta_pedro) <a target=\"_blank\" href=\"https:\/\/twitter.com\/andretta_pedro\/status\/1189212916622475265?ref_src=twsrc%5Etfw\" rel=\"noopener noreferrer\">October 29, 2019<\/a><\/p><\/blockquote>\n<p><script async src=\"https:\/\/platform.twitter.com\/widgets.js\" charset=\"utf-8\"><\/script><\/p>\n<p>[ad_2]<br \/>\n<br \/><a href=\"https:\/\/twitter.com\/andretta_pedro\/statuses\/1189212916622475265\">Source<\/a> by <a href=\"https:\/\/t.co\/MfIsGWjH1p\">Pedro Andretta<\/a><\/p>\n","protected":false},"excerpt":{"rendered":"<p>[ad_1] \u201dDefender investimentos nos livros, na leitura e nas bibliotecas como direitos humanos \u00e9 premente e necess\u00e1rio. E esta n\u00e3o \u00e9 (ou pelo menos n\u00e3o deveria ser) uma pauta apenas dos segmentos envolvidos, mas de toda a sociedade\u201d. &#8211; via \u2066\u2066@biblioo\u2069 https:\/\/t.co\/7VwA95TPYG &mdash; Pedro Andretta (@andretta_pedro) October 29, 2019 [ad_2] Source by Pedro Andretta<\/p>\n","protected":false},"author":1,"featured_media":2968,"comment_status":"closed","ping_status":"open","sticky":false,"template":"","format":"standard","meta":{"_jetpack_memberships_contains_paid_content":false,"footnotes":"","jetpack_publicize_message":"","jetpack_publicize_feature_enabled":true,"jetpack_social_post_already_shared":false,"jetpack_social_options":{"image_generator_settings":{"template":"highway","default_image_id":0,"font":"","enabled":false},"version":2}},"categories":[21],"tags":[],"class_list":["post-2967","post","type-post","status-publish","format-standard","has-post-thumbnail","hentry","category-informeci"],"jetpack_publicize_connections":[],"jetpack_featured_media_url":"https:\/\/i0.wp.com\/www.pedroandretta.info\/index\/wp-content\/uploads\/2019\/12\/Bibliotecas.jpg?fit=1500%2C500&ssl=1","views":"","jetpack_sharing_enabled":true,"_links":{"self":[{"href":"https:\/\/www.pedroandretta.info\/index\/wp-json\/wp\/v2\/posts\/2967","targetHints":{"allow":["GET"]}}],"collection":[{"href":"https:\/\/www.pedroandretta.info\/index\/wp-json\/wp\/v2\/posts"}],"about":[{"href":"https:\/\/www.pedroandretta.info\/index\/wp-json\/wp\/v2\/types\/post"}],"author":[{"embeddable":true,"href":"https:\/\/www.pedroandretta.info\/index\/wp-json\/wp\/v2\/users\/1"}],"replies":[{"embeddable":true,"href":"https:\/\/www.pedroandretta.info\/index\/wp-json\/wp\/v2\/comments?post=2967"}],"version-history":[{"count":0,"href":"https:\/\/www.pedroandretta.info\/index\/wp-json\/wp\/v2\/posts\/2967\/revisions"}],"wp:featuredmedia":[{"embeddable":true,"href":"https:\/\/www.pedroandretta.info\/index\/wp-json\/wp\/v2\/media\/2968"}],"wp:attachment":[{"href":"https:\/\/www.pedroandretta.info\/index\/wp-json\/wp\/v2\/media?parent=2967"}],"wp:term":[{"taxonomy":"category","embeddable":true,"href":"https:\/\/www.pedroandretta.info\/index\/wp-json\/wp\/v2\/categories?post=2967"},{"taxonomy":"post_tag","embeddable":true,"href":"https:\/\/www.pedroandretta.info\/index\/wp-json\/wp\/v2\/tags?post=2967"}],"curies":[{"name":"wp","href":"https:\/\/api.w.org\/{rel}","templated":true}]}}