{"id":29670,"date":"2025-03-21T20:56:31","date_gmt":"2025-03-22T00:56:31","guid":{"rendered":"https:\/\/www.pedroandretta.info\/index\/?p=29670"},"modified":"2025-03-21T20:56:35","modified_gmt":"2025-03-22T00:56:35","slug":"competencia-editorial-dos-editores-de-periodicos-cientificos-um-estudo-no-portal-de-periodicos-da-universidade-federal-de-sergipe-ufs-ppgci-ufs","status":"publish","type":"post","link":"https:\/\/www.pedroandretta.info\/index\/2025\/03\/competencia-editorial-dos-editores-de-periodicos-cientificos-um-estudo-no-portal-de-periodicos-da-universidade-federal-de-sergipe-ufs-ppgci-ufs\/","title":{"rendered":"Compet\u00eancia editorial dos editores de peri\u00f3dicos cient\u00edficos: um estudo no Portal de Peri\u00f3dicos da Universidade Federal de Sergipe (UFS) \/ PPGCI-UFS"},"content":{"rendered":"\n<p><strong>Compet\u00eancia editorial dos editores de peri\u00f3dicos cient\u00edficos: um estudo no Portal de Peri\u00f3dicos da Universidade Federal de Sergipe (UFS)<\/strong><\/p>\n\n\n\n<p>A modelagem conceitual pedag\u00f3gica para o desenvolvimento d a Compet\u00eancia em Informa\u00e7\u00e3o (MPDCoinfo) de Farias (2014) serve como base para a elabora\u00e7\u00e3o do curso. A MPDCoinfo \u00e9 adaptada para a realidade brasileira, considerando as particularidades do meio acad\u00eamico nacional. A pesquisa destaca a import\u00e2ncia da forma\u00e7\u00e3o cont\u00ednua e do suporte institucional para os editores, enfatizando a necessidade de um treinamento que aborde as especificidades de cada \u00e1rea do conhecimento. Por fim, o curso &#8220;OJS em 4 Passos&#8221; oferece uma forma\u00e7\u00e3o, capacitando editores e suas equipes para atuarem de modo eficiente em todas as etapas do processo editorial. A constru\u00e7\u00e3o de um ambiente colaborativo e de apoio entre o Portal de Peri\u00f3dicos da UFS e os editores \u00e9 essencial para fortalecer as pr\u00e1ticas editoriais e promover a comunica\u00e7\u00e3o cient\u00edfica.<\/p>\n\n\n\n<p>#Gest\u00e3oEditorial<\/p>\n\n\n\n<p>Dispon\u00edvel em: <a href=\"https:\/\/ri.ufs.br\/jspui\/handle\/riufs\/21394\">https:\/\/ri.ufs.br\/jspui\/handle\/riufs\/21394<\/a><\/p>\n\n\n\n<figure class=\"wp-block-image size-large\"><img data-recalc-dims=\"1\" decoding=\"async\" width=\"390\" height=\"600\" src=\"https:\/\/i0.wp.com\/www.pedroandretta.info\/index\/wp-content\/uploads\/2025\/03\/image-64.png?resize=390%2C600&#038;ssl=1\" alt=\"\" class=\"wp-image-29671\" srcset=\"https:\/\/i0.wp.com\/www.pedroandretta.info\/index\/wp-content\/uploads\/2025\/03\/image-64.png?resize=390%2C600&amp;ssl=1 390w, https:\/\/i0.wp.com\/www.pedroandretta.info\/index\/wp-content\/uploads\/2025\/03\/image-64.png?resize=195%2C300&amp;ssl=1 195w, https:\/\/i0.wp.com\/www.pedroandretta.info\/index\/wp-content\/uploads\/2025\/03\/image-64.png?w=415&amp;ssl=1 415w\" sizes=\"(max-width: 390px) 100vw, 390px\" \/><\/figure>\n","protected":false},"excerpt":{"rendered":"<p>Compet\u00eancia editorial dos editores de peri\u00f3dicos cient\u00edficos: um estudo no Portal de Peri\u00f3dicos da Universidade Federal de Sergipe (UFS) A modelagem conceitual pedag\u00f3gica para o desenvolvimento d a Compet\u00eancia em Informa\u00e7\u00e3o (MPDCoinfo) de Farias (2014) serve como base para a elabora\u00e7\u00e3o do curso. A MPDCoinfo \u00e9 adaptada para a realidade brasileira, considerando as particularidades do<\/p><\/div>\n<div class=\"blog-btn\"><a href=\"https:\/\/www.pedroandretta.info\/index\/2025\/03\/competencia-editorial-dos-editores-de-periodicos-cientificos-um-estudo-no-portal-de-periodicos-da-universidade-federal-de-sergipe-ufs-ppgci-ufs\/\" class=\"home-blog-btn\">Ler mais<\/a><\/p>\n","protected":false},"author":1,"featured_media":0,"comment_status":"open","ping_status":"open","sticky":false,"template":"","format":"standard","meta":{"_jetpack_memberships_contains_paid_content":false,"footnotes":"","jetpack_publicize_message":"","jetpack_publicize_feature_enabled":true,"jetpack_social_post_already_shared":true,"jetpack_social_options":{"image_generator_settings":{"template":"highway","default_image_id":0,"font":"","enabled":false},"version":2}},"categories":[21],"tags":[663],"class_list":["post-29670","post","type-post","status-publish","format-standard","hentry","category-informeci","tag-gestaoeditorial"],"jetpack_publicize_connections":[],"jetpack_featured_media_url":"","views":"","jetpack_sharing_enabled":true,"_links":{"self":[{"href":"https:\/\/www.pedroandretta.info\/index\/wp-json\/wp\/v2\/posts\/29670","targetHints":{"allow":["GET"]}}],"collection":[{"href":"https:\/\/www.pedroandretta.info\/index\/wp-json\/wp\/v2\/posts"}],"about":[{"href":"https:\/\/www.pedroandretta.info\/index\/wp-json\/wp\/v2\/types\/post"}],"author":[{"embeddable":true,"href":"https:\/\/www.pedroandretta.info\/index\/wp-json\/wp\/v2\/users\/1"}],"replies":[{"embeddable":true,"href":"https:\/\/www.pedroandretta.info\/index\/wp-json\/wp\/v2\/comments?post=29670"}],"version-history":[{"count":0,"href":"https:\/\/www.pedroandretta.info\/index\/wp-json\/wp\/v2\/posts\/29670\/revisions"}],"wp:attachment":[{"href":"https:\/\/www.pedroandretta.info\/index\/wp-json\/wp\/v2\/media?parent=29670"}],"wp:term":[{"taxonomy":"category","embeddable":true,"href":"https:\/\/www.pedroandretta.info\/index\/wp-json\/wp\/v2\/categories?post=29670"},{"taxonomy":"post_tag","embeddable":true,"href":"https:\/\/www.pedroandretta.info\/index\/wp-json\/wp\/v2\/tags?post=29670"}],"curies":[{"name":"wp","href":"https:\/\/api.w.org\/{rel}","templated":true}]}}