{"id":29675,"date":"2025-03-22T19:13:52","date_gmt":"2025-03-22T23:13:52","guid":{"rendered":"https:\/\/www.pedroandretta.info\/index\/?p=29675"},"modified":"2025-03-22T19:13:57","modified_gmt":"2025-03-22T23:13:57","slug":"dia-internacional-dos-museus-o-futuro-dos-museus-em-comunidades-em-rapida-transformacao-icom","status":"publish","type":"post","link":"https:\/\/www.pedroandretta.info\/index\/2025\/03\/dia-internacional-dos-museus-o-futuro-dos-museus-em-comunidades-em-rapida-transformacao-icom\/","title":{"rendered":"Dia Internacional dos Museus \u2013 O futuro dos museus em comunidades em r\u00e1pida transforma\u00e7\u00e3o \/ ICOM"},"content":{"rendered":"\n<p><strong>Dia Internacional dos Museus \u2013 O futuro dos museus em comunidades em r\u00e1pida transforma\u00e7\u00e3o<\/strong><\/p>\n\n\n\n<p>Os museus s\u00e3o mais do que espa\u00e7os de preserva\u00e7\u00e3o \u2014 eles s\u00e3o participantes ativos na forma\u00e7\u00e3o de comunidades sustent\u00e1veis e inclusivas. O tema deste ano est\u00e1 alinhado com tr\u00eas Objetivos de Desenvolvimento Sustent\u00e1vel (ODS):<\/p>\n\n\n\n<p>ODS 8: Os museus apoiam as economias locais ao criar oportunidades de emprego e oferecer programas educacionais que empoderam as comunidades.<br>ODS 9: Ao fomentar a criatividade e abra\u00e7ar os avan\u00e7os tecnol\u00f3gicos, os museus impulsionam a inova\u00e7\u00e3o e melhoram a acessibilidade.<br>ODS 11: Os museus contribuem para o desenvolvimento urbano sustent\u00e1vel ao atuarem como centros culturais que promovem inclus\u00e3o, resili\u00eancia e preserva\u00e7\u00e3o do patrim\u00f4nio.<\/p>\n\n\n\n<p>via ICOM<\/p>\n\n\n\n<p>#Museus<\/p>\n\n\n\n<p>Dispon\u00edvel em: <a href=\"https:\/\/www.icom.org.br\/dim-2025\/\">https:\/\/www.icom.org.br\/dim-2025\/<\/a><\/p>\n","protected":false},"excerpt":{"rendered":"<p>Dia Internacional dos Museus \u2013 O futuro dos museus em comunidades em r\u00e1pida transforma\u00e7\u00e3o Os museus s\u00e3o mais do que espa\u00e7os de preserva\u00e7\u00e3o \u2014 eles s\u00e3o participantes ativos na forma\u00e7\u00e3o de comunidades sustent\u00e1veis e inclusivas. O tema deste ano est\u00e1 alinhado com tr\u00eas Objetivos de Desenvolvimento Sustent\u00e1vel (ODS): ODS 8: Os museus apoiam as economias<\/p><\/div>\n<div class=\"blog-btn\"><a href=\"https:\/\/www.pedroandretta.info\/index\/2025\/03\/dia-internacional-dos-museus-o-futuro-dos-museus-em-comunidades-em-rapida-transformacao-icom\/\" class=\"home-blog-btn\">Ler mais<\/a><\/p>\n","protected":false},"author":1,"featured_media":0,"comment_status":"open","ping_status":"open","sticky":false,"template":"","format":"standard","meta":{"_jetpack_memberships_contains_paid_content":false,"footnotes":"","jetpack_publicize_message":"","jetpack_publicize_feature_enabled":true,"jetpack_social_post_already_shared":true,"jetpack_social_options":{"image_generator_settings":{"template":"highway","default_image_id":0,"font":"","enabled":false},"version":2}},"categories":[21],"tags":[34],"class_list":["post-29675","post","type-post","status-publish","format-standard","hentry","category-informeci","tag-museus"],"jetpack_publicize_connections":[],"jetpack_featured_media_url":"","views":"","jetpack_sharing_enabled":true,"_links":{"self":[{"href":"https:\/\/www.pedroandretta.info\/index\/wp-json\/wp\/v2\/posts\/29675","targetHints":{"allow":["GET"]}}],"collection":[{"href":"https:\/\/www.pedroandretta.info\/index\/wp-json\/wp\/v2\/posts"}],"about":[{"href":"https:\/\/www.pedroandretta.info\/index\/wp-json\/wp\/v2\/types\/post"}],"author":[{"embeddable":true,"href":"https:\/\/www.pedroandretta.info\/index\/wp-json\/wp\/v2\/users\/1"}],"replies":[{"embeddable":true,"href":"https:\/\/www.pedroandretta.info\/index\/wp-json\/wp\/v2\/comments?post=29675"}],"version-history":[{"count":0,"href":"https:\/\/www.pedroandretta.info\/index\/wp-json\/wp\/v2\/posts\/29675\/revisions"}],"wp:attachment":[{"href":"https:\/\/www.pedroandretta.info\/index\/wp-json\/wp\/v2\/media?parent=29675"}],"wp:term":[{"taxonomy":"category","embeddable":true,"href":"https:\/\/www.pedroandretta.info\/index\/wp-json\/wp\/v2\/categories?post=29675"},{"taxonomy":"post_tag","embeddable":true,"href":"https:\/\/www.pedroandretta.info\/index\/wp-json\/wp\/v2\/tags?post=29675"}],"curies":[{"name":"wp","href":"https:\/\/api.w.org\/{rel}","templated":true}]}}