{"id":29677,"date":"2025-03-22T19:17:29","date_gmt":"2025-03-22T23:17:29","guid":{"rendered":"https:\/\/www.pedroandretta.info\/index\/?p=29677"},"modified":"2025-03-22T19:17:33","modified_gmt":"2025-03-22T23:17:33","slug":"comissao-de-etica-da-capes-apresenta-renuncia-coletiva-apos-queixa-de-perda-de-autonomia-folha-de-s-paulo","status":"publish","type":"post","link":"https:\/\/www.pedroandretta.info\/index\/2025\/03\/comissao-de-etica-da-capes-apresenta-renuncia-coletiva-apos-queixa-de-perda-de-autonomia-folha-de-s-paulo\/","title":{"rendered":"Comiss\u00e3o de \u00c9tica da Capes apresenta ren\u00fancia coletiva ap\u00f3s queixa de perda de autonomia \/ Folha de S. Paulo"},"content":{"rendered":"\n<p><strong>Comiss\u00e3o de \u00c9tica da Capes apresenta ren\u00fancia coletiva ap\u00f3s queixa de perda de autonomia<\/strong><\/p>\n\n\n\n<p>Entre as mudan\u00e7as que afetaram a comiss\u00e3o, est\u00e1 a iniciativa da Capes de privilegiar o recebimento de den\u00fancias pela plataforma FALA.BR. Apenas tr\u00eas casos foram encaminhados para a Comiss\u00e3o de \u00c9tica em 2024 por esse canal, diz o grupo.<\/p>\n\n\n\n<p>O ponto mais cr\u00edtico que motivou a ren\u00fancia, ainda segundo o of\u00edcio, foi a exonera\u00e7\u00e3o do secret\u00e1rio-executivo da comiss\u00e3o &#8220;sem qualquer justificativa plaus\u00edvel \u00e0 Comiss\u00e3o&#8221;.<\/p>\n\n\n\n<p>via Folha de S. Paulo<\/p>\n\n\n\n<p>#CAPES<\/p>\n\n\n\n<p>Dispon\u00edvel em: <a href=\"https:\/\/www1.folha.uol.com.br\/educacao\/2025\/03\/comissao-de-etica-da-capes-apresenta-renuncia-coletiva-apos-queixa-de-perda-de-autonomia.shtml\">https:\/\/www1.folha.uol.com.br\/educacao\/2025\/03\/comissao-de-etica-da-capes-apresenta-renuncia-coletiva-apos-queixa-de-perda-de-autonomia.shtml<\/a><\/p>\n","protected":false},"excerpt":{"rendered":"<p>Comiss\u00e3o de \u00c9tica da Capes apresenta ren\u00fancia coletiva ap\u00f3s queixa de perda de autonomia Entre as mudan\u00e7as que afetaram a comiss\u00e3o, est\u00e1 a iniciativa da Capes de privilegiar o recebimento de den\u00fancias pela plataforma FALA.BR. Apenas tr\u00eas casos foram encaminhados para a Comiss\u00e3o de \u00c9tica em 2024 por esse canal, diz o grupo. O ponto<\/p><\/div>\n<div class=\"blog-btn\"><a href=\"https:\/\/www.pedroandretta.info\/index\/2025\/03\/comissao-de-etica-da-capes-apresenta-renuncia-coletiva-apos-queixa-de-perda-de-autonomia-folha-de-s-paulo\/\" class=\"home-blog-btn\">Ler mais<\/a><\/p>\n","protected":false},"author":1,"featured_media":0,"comment_status":"open","ping_status":"open","sticky":false,"template":"","format":"standard","meta":{"_jetpack_memberships_contains_paid_content":false,"footnotes":"","jetpack_publicize_message":"","jetpack_publicize_feature_enabled":true,"jetpack_social_post_already_shared":true,"jetpack_social_options":{"image_generator_settings":{"template":"highway","default_image_id":0,"font":"","enabled":false},"version":2}},"categories":[21],"tags":[105],"class_list":["post-29677","post","type-post","status-publish","format-standard","hentry","category-informeci","tag-capes"],"jetpack_publicize_connections":[],"jetpack_featured_media_url":"","views":"","jetpack_sharing_enabled":true,"_links":{"self":[{"href":"https:\/\/www.pedroandretta.info\/index\/wp-json\/wp\/v2\/posts\/29677","targetHints":{"allow":["GET"]}}],"collection":[{"href":"https:\/\/www.pedroandretta.info\/index\/wp-json\/wp\/v2\/posts"}],"about":[{"href":"https:\/\/www.pedroandretta.info\/index\/wp-json\/wp\/v2\/types\/post"}],"author":[{"embeddable":true,"href":"https:\/\/www.pedroandretta.info\/index\/wp-json\/wp\/v2\/users\/1"}],"replies":[{"embeddable":true,"href":"https:\/\/www.pedroandretta.info\/index\/wp-json\/wp\/v2\/comments?post=29677"}],"version-history":[{"count":0,"href":"https:\/\/www.pedroandretta.info\/index\/wp-json\/wp\/v2\/posts\/29677\/revisions"}],"wp:attachment":[{"href":"https:\/\/www.pedroandretta.info\/index\/wp-json\/wp\/v2\/media?parent=29677"}],"wp:term":[{"taxonomy":"category","embeddable":true,"href":"https:\/\/www.pedroandretta.info\/index\/wp-json\/wp\/v2\/categories?post=29677"},{"taxonomy":"post_tag","embeddable":true,"href":"https:\/\/www.pedroandretta.info\/index\/wp-json\/wp\/v2\/tags?post=29677"}],"curies":[{"name":"wp","href":"https:\/\/api.w.org\/{rel}","templated":true}]}}