{"id":29684,"date":"2025-03-22T19:31:40","date_gmt":"2025-03-22T23:31:40","guid":{"rendered":"https:\/\/www.pedroandretta.info\/index\/?p=29684"},"modified":"2025-03-22T19:31:43","modified_gmt":"2025-03-22T23:31:43","slug":"avaliacao-da-influencia-do-estagio-no-desenvolvimento-profissional-estudo-no-curso-de-biblioteconomia-da-universidade-federal-do-para-bibliomar","status":"publish","type":"post","link":"https:\/\/www.pedroandretta.info\/index\/2025\/03\/avaliacao-da-influencia-do-estagio-no-desenvolvimento-profissional-estudo-no-curso-de-biblioteconomia-da-universidade-federal-do-para-bibliomar\/","title":{"rendered":"Avalia\u00e7\u00e3o da influ\u00eancia do est\u00e1gio no desenvolvimento profissional: estudo no curso de Biblioteconomia da Universidade Federal do Par\u00e1 \/ Bibliomar"},"content":{"rendered":"\n<p><strong>Avalia\u00e7\u00e3o da influ\u00eancia do est\u00e1gio no desenvolvimento profissional: estudo no curso de Biblioteconomia da Universidade Federal do Par\u00e1<\/strong><\/p>\n\n\n\n<p>O est\u00e1gio, seja obrigat\u00f3rio ou n\u00e3o obrigat\u00f3rio, \u00e9 uma excelente pr\u00e1tica para que os discentes desenvolvam suas compet\u00eancias, habilidades e atitudes, com a finalidade de construir o perfil que querem para si enquanto futuros profissionais da informa\u00e7\u00e3o. Os resultados referem que o plano de est\u00e1gio precisa prever a\u00e7\u00f5es para que o discente, futuro profissional, possa se posicionar com rela\u00e7\u00e3o \u00e0s quest\u00f5es pertinentes postas pela sociedade. Conclui que o est\u00e1gio \u00e9 uma pr\u00e1tica importante para desenvolver compet\u00eancias e construir o perfil desejado como profissional da informa\u00e7\u00e3o. \u00c9 necess\u00e1rio que o plano de est\u00e1gio proporcione oportunidades de aprendizado e prepare o estudante para lidar com a diversidade da profiss\u00e3o.\u00a0<\/p>\n\n\n\n<p>#Est\u00e1gio<\/p>\n\n\n\n<p>Dispon\u00edvel em: <a href=\"https:\/\/periodicoseletronicos.ufma.br\/index.php\/bibliomar\/article\/view\/21742\">https:\/\/periodicoseletronicos.ufma.br\/index.php\/bibliomar\/article\/view\/21742<\/a><\/p>\n\n\n\n<figure class=\"wp-block-image size-large\"><img data-recalc-dims=\"1\" decoding=\"async\" width=\"416\" height=\"600\" src=\"https:\/\/i0.wp.com\/www.pedroandretta.info\/index\/wp-content\/uploads\/2025\/03\/image-66.png?resize=416%2C600&#038;ssl=1\" alt=\"\" class=\"wp-image-29685\" srcset=\"https:\/\/i0.wp.com\/www.pedroandretta.info\/index\/wp-content\/uploads\/2025\/03\/image-66.png?resize=416%2C600&amp;ssl=1 416w, https:\/\/i0.wp.com\/www.pedroandretta.info\/index\/wp-content\/uploads\/2025\/03\/image-66.png?resize=208%2C300&amp;ssl=1 208w, https:\/\/i0.wp.com\/www.pedroandretta.info\/index\/wp-content\/uploads\/2025\/03\/image-66.png?w=449&amp;ssl=1 449w\" sizes=\"(max-width: 416px) 100vw, 416px\" \/><\/figure>\n","protected":false},"excerpt":{"rendered":"<p>Avalia\u00e7\u00e3o da influ\u00eancia do est\u00e1gio no desenvolvimento profissional: estudo no curso de Biblioteconomia da Universidade Federal do Par\u00e1 O est\u00e1gio, seja obrigat\u00f3rio ou n\u00e3o obrigat\u00f3rio, \u00e9 uma excelente pr\u00e1tica para que os discentes desenvolvam suas compet\u00eancias, habilidades e atitudes, com a finalidade de construir o perfil que querem para si enquanto futuros profissionais da informa\u00e7\u00e3o.<\/p><\/div>\n<div class=\"blog-btn\"><a href=\"https:\/\/www.pedroandretta.info\/index\/2025\/03\/avaliacao-da-influencia-do-estagio-no-desenvolvimento-profissional-estudo-no-curso-de-biblioteconomia-da-universidade-federal-do-para-bibliomar\/\" class=\"home-blog-btn\">Ler mais<\/a><\/p>\n","protected":false},"author":1,"featured_media":0,"comment_status":"open","ping_status":"open","sticky":false,"template":"","format":"standard","meta":{"_jetpack_memberships_contains_paid_content":false,"footnotes":"","jetpack_publicize_message":"","jetpack_publicize_feature_enabled":true,"jetpack_social_post_already_shared":true,"jetpack_social_options":{"image_generator_settings":{"template":"highway","default_image_id":0,"font":"","enabled":false},"version":2}},"categories":[21],"tags":[1661],"class_list":["post-29684","post","type-post","status-publish","format-standard","hentry","category-informeci","tag-estagio"],"jetpack_publicize_connections":[],"jetpack_featured_media_url":"","views":"","jetpack_sharing_enabled":true,"_links":{"self":[{"href":"https:\/\/www.pedroandretta.info\/index\/wp-json\/wp\/v2\/posts\/29684","targetHints":{"allow":["GET"]}}],"collection":[{"href":"https:\/\/www.pedroandretta.info\/index\/wp-json\/wp\/v2\/posts"}],"about":[{"href":"https:\/\/www.pedroandretta.info\/index\/wp-json\/wp\/v2\/types\/post"}],"author":[{"embeddable":true,"href":"https:\/\/www.pedroandretta.info\/index\/wp-json\/wp\/v2\/users\/1"}],"replies":[{"embeddable":true,"href":"https:\/\/www.pedroandretta.info\/index\/wp-json\/wp\/v2\/comments?post=29684"}],"version-history":[{"count":0,"href":"https:\/\/www.pedroandretta.info\/index\/wp-json\/wp\/v2\/posts\/29684\/revisions"}],"wp:attachment":[{"href":"https:\/\/www.pedroandretta.info\/index\/wp-json\/wp\/v2\/media?parent=29684"}],"wp:term":[{"taxonomy":"category","embeddable":true,"href":"https:\/\/www.pedroandretta.info\/index\/wp-json\/wp\/v2\/categories?post=29684"},{"taxonomy":"post_tag","embeddable":true,"href":"https:\/\/www.pedroandretta.info\/index\/wp-json\/wp\/v2\/tags?post=29684"}],"curies":[{"name":"wp","href":"https:\/\/api.w.org\/{rel}","templated":true}]}}