{"id":29697,"date":"2025-03-23T22:43:19","date_gmt":"2025-03-24T02:43:19","guid":{"rendered":"https:\/\/www.pedroandretta.info\/index\/?p=29697"},"modified":"2025-03-23T22:43:23","modified_gmt":"2025-03-24T02:43:23","slug":"as-contribuicoes-da-nova-biblioteconomia-de-david-lankes-no-contexto-brasileiro-entrevista-com-emanuelle-amaral-ferreira-divulga-ci","status":"publish","type":"post","link":"https:\/\/www.pedroandretta.info\/index\/2025\/03\/as-contribuicoes-da-nova-biblioteconomia-de-david-lankes-no-contexto-brasileiro-entrevista-com-emanuelle-amaral-ferreira-divulga-ci\/","title":{"rendered":"As contribui\u00e7\u00f5es da Nova Biblioteconomia de David Lankes no contexto brasileiro \u2013 Entrevista com Emanuelle Amaral Ferreira \/ Divulga-CI"},"content":{"rendered":"\n<p><strong>As contribui\u00e7\u00f5es da Nova Biblioteconomia de David Lankes no contexto brasileiro \u2013 Entrevista com Emanuelle Amaral Ferreira<\/strong><\/p>\n\n\n\n<p>Confira nossa entrevista com a pesquisadora Emanuelle Ge\u00f3rgia Amaral Ferreira, que defendeu o doutorado em Ci\u00eancia da Informa\u00e7\u00e3o pela Universidade Federal de Minas Gerais. Em seu tese, Emanuelle analisou a Nova Biblioteconomia de Lankes no contexto brasileiro, revelando caracter\u00edsticas \u00fanicas que v\u00e3o al\u00e9m da perspectiva proposta por Lankes. Na entrevista, conhe\u00e7a um pouco sobre a constru\u00e7\u00e3o da tese, os desafios e recomenda\u00e7\u00f5es da bibliotec\u00e1ria.<\/p>\n\n\n\n<p>via Divulga-CI<\/p>\n\n\n\n<p>#Biblioteconomia #Entrevista<\/p>\n\n\n\n<p>Dispon\u00edvel em: <a href=\"https:\/\/www.divulgaci.labci.online\/v-3-n-3-mar-2025\/as-contribuicoes-da-nova-biblioteconomia-de-david-lankes-no-contexto-brasileiro-entrevista-com-emanuelle-amaral-ferreira\/\">https:\/\/www.divulgaci.labci.online\/v-3-n-3-mar-2025\/as-contribuicoes-da-nova-biblioteconomia-de-david-lankes-no-contexto-brasileiro-entrevista-com-emanuelle-amaral-ferreira\/<\/a><\/p>\n\n\n\n<figure class=\"wp-block-image size-large\"><img data-recalc-dims=\"1\" decoding=\"async\" width=\"413\" height=\"600\" src=\"https:\/\/i0.wp.com\/www.pedroandretta.info\/index\/wp-content\/uploads\/2025\/03\/image-68.png?resize=413%2C600&#038;ssl=1\" alt=\"\" class=\"wp-image-29698\" srcset=\"https:\/\/i0.wp.com\/www.pedroandretta.info\/index\/wp-content\/uploads\/2025\/03\/image-68.png?resize=413%2C600&amp;ssl=1 413w, https:\/\/i0.wp.com\/www.pedroandretta.info\/index\/wp-content\/uploads\/2025\/03\/image-68.png?resize=206%2C300&amp;ssl=1 206w, https:\/\/i0.wp.com\/www.pedroandretta.info\/index\/wp-content\/uploads\/2025\/03\/image-68.png?w=428&amp;ssl=1 428w\" sizes=\"(max-width: 413px) 100vw, 413px\" \/><\/figure>\n","protected":false},"excerpt":{"rendered":"<p>As contribui\u00e7\u00f5es da Nova Biblioteconomia de David Lankes no contexto brasileiro \u2013 Entrevista com Emanuelle Amaral Ferreira Confira nossa entrevista com a pesquisadora Emanuelle Ge\u00f3rgia Amaral Ferreira, que defendeu o doutorado em Ci\u00eancia da Informa\u00e7\u00e3o pela Universidade Federal de Minas Gerais. Em seu tese, Emanuelle analisou a Nova Biblioteconomia de Lankes no contexto brasileiro, revelando<\/p><\/div>\n<div class=\"blog-btn\"><a href=\"https:\/\/www.pedroandretta.info\/index\/2025\/03\/as-contribuicoes-da-nova-biblioteconomia-de-david-lankes-no-contexto-brasileiro-entrevista-com-emanuelle-amaral-ferreira-divulga-ci\/\" class=\"home-blog-btn\">Ler mais<\/a><\/p>\n","protected":false},"author":1,"featured_media":0,"comment_status":"open","ping_status":"open","sticky":false,"template":"","format":"standard","meta":{"_jetpack_memberships_contains_paid_content":false,"footnotes":"","jetpack_publicize_message":"","jetpack_publicize_feature_enabled":true,"jetpack_social_post_already_shared":true,"jetpack_social_options":{"image_generator_settings":{"template":"highway","default_image_id":0,"font":"","enabled":false},"version":2}},"categories":[21],"tags":[33,601],"class_list":["post-29697","post","type-post","status-publish","format-standard","hentry","category-informeci","tag-biblioteconomia","tag-entrevista"],"jetpack_publicize_connections":[],"jetpack_featured_media_url":"","views":"","jetpack_sharing_enabled":true,"_links":{"self":[{"href":"https:\/\/www.pedroandretta.info\/index\/wp-json\/wp\/v2\/posts\/29697","targetHints":{"allow":["GET"]}}],"collection":[{"href":"https:\/\/www.pedroandretta.info\/index\/wp-json\/wp\/v2\/posts"}],"about":[{"href":"https:\/\/www.pedroandretta.info\/index\/wp-json\/wp\/v2\/types\/post"}],"author":[{"embeddable":true,"href":"https:\/\/www.pedroandretta.info\/index\/wp-json\/wp\/v2\/users\/1"}],"replies":[{"embeddable":true,"href":"https:\/\/www.pedroandretta.info\/index\/wp-json\/wp\/v2\/comments?post=29697"}],"version-history":[{"count":0,"href":"https:\/\/www.pedroandretta.info\/index\/wp-json\/wp\/v2\/posts\/29697\/revisions"}],"wp:attachment":[{"href":"https:\/\/www.pedroandretta.info\/index\/wp-json\/wp\/v2\/media?parent=29697"}],"wp:term":[{"taxonomy":"category","embeddable":true,"href":"https:\/\/www.pedroandretta.info\/index\/wp-json\/wp\/v2\/categories?post=29697"},{"taxonomy":"post_tag","embeddable":true,"href":"https:\/\/www.pedroandretta.info\/index\/wp-json\/wp\/v2\/tags?post=29697"}],"curies":[{"name":"wp","href":"https:\/\/api.w.org\/{rel}","templated":true}]}}