{"id":29723,"date":"2025-03-26T11:59:03","date_gmt":"2025-03-26T15:59:03","guid":{"rendered":"https:\/\/www.pedroandretta.info\/index\/?p=29723"},"modified":"2025-03-26T11:59:07","modified_gmt":"2025-03-26T15:59:07","slug":"o-ataque-de-trump-as-bibliotecas-era-previsivel-suas-consequencias-podem-ser-devastadoras-the-guardian","status":"publish","type":"post","link":"https:\/\/www.pedroandretta.info\/index\/2025\/03\/o-ataque-de-trump-as-bibliotecas-era-previsivel-suas-consequencias-podem-ser-devastadoras-the-guardian\/","title":{"rendered":"O ataque de Trump \u00e0s bibliotecas era previs\u00edvel. Suas consequ\u00eancias podem ser devastadoras \/ The Guardian"},"content":{"rendered":"\n<p><strong>O ataque de Trump \u00e0s bibliotecas era previs\u00edvel. Suas consequ\u00eancias podem ser devastadoras<\/strong><\/p>\n\n\n\n<p>Como algu\u00e9m profundamente envolvido no mundo das bibliotecas, n\u00e3o fiquei surpreso com a atitude de Trump. Dadas as crescentes proibi\u00e7\u00f5es de livros, a crescente censura e a crescente hostilidade em rela\u00e7\u00e3o \u00e0s institui\u00e7\u00f5es educacionais e culturais, essa crise vem se acumulando h\u00e1 anos. No entanto, a previsibilidade n\u00e3o a torna menos preocupante; ela sinaliza claramente que os riscos est\u00e3o maiores do que nunca.<\/p>\n\n\n\n<p>Os desafios que as bibliotecas enfrentam hoje s\u00e3o de fato piores do que o esperado. Eles refletem uma mudan\u00e7a pol\u00edtica preocupante e amea\u00e7am minar a for\u00e7a econ\u00f4mica, a igualdade educacional e as funda\u00e7\u00f5es democr\u00e1ticas dos Estados Unidos de maneiras que n\u00e3o podemos pagar.<\/p>\n\n\n\n<p>#GovernoTrump #Bibliotecas #EUA<\/p>\n\n\n\n<p>via The Guardian<\/p>\n\n\n\n<p>Dispon\u00edvel em: <a href=\"https:\/\/www.theguardian.com\/commentisfree\/2025\/mar\/21\/trump-attack-libraries-devastating\">https:\/\/www.theguardian.com\/commentisfree\/2025\/mar\/21\/trump-attack-libraries-devastating<\/a><\/p>\n","protected":false},"excerpt":{"rendered":"<p>O ataque de Trump \u00e0s bibliotecas era previs\u00edvel. Suas consequ\u00eancias podem ser devastadoras Como algu\u00e9m profundamente envolvido no mundo das bibliotecas, n\u00e3o fiquei surpreso com a atitude de Trump. Dadas as crescentes proibi\u00e7\u00f5es de livros, a crescente censura e a crescente hostilidade em rela\u00e7\u00e3o \u00e0s institui\u00e7\u00f5es educacionais e culturais, essa crise vem se acumulando h\u00e1<\/p><\/div>\n<div class=\"blog-btn\"><a href=\"https:\/\/www.pedroandretta.info\/index\/2025\/03\/o-ataque-de-trump-as-bibliotecas-era-previsivel-suas-consequencias-podem-ser-devastadoras-the-guardian\/\" class=\"home-blog-btn\">Ler mais<\/a><\/p>\n","protected":false},"author":1,"featured_media":0,"comment_status":"open","ping_status":"open","sticky":false,"template":"","format":"standard","meta":{"_jetpack_memberships_contains_paid_content":false,"footnotes":"","jetpack_publicize_message":"","jetpack_publicize_feature_enabled":true,"jetpack_social_post_already_shared":true,"jetpack_social_options":{"image_generator_settings":{"template":"highway","default_image_id":0,"font":"","enabled":false},"version":2}},"categories":[21],"tags":[38,165,3837],"class_list":["post-29723","post","type-post","status-publish","format-standard","hentry","category-informeci","tag-bibliotecas","tag-eua","tag-governotrump"],"jetpack_publicize_connections":[],"jetpack_featured_media_url":"","views":"","jetpack_sharing_enabled":true,"_links":{"self":[{"href":"https:\/\/www.pedroandretta.info\/index\/wp-json\/wp\/v2\/posts\/29723","targetHints":{"allow":["GET"]}}],"collection":[{"href":"https:\/\/www.pedroandretta.info\/index\/wp-json\/wp\/v2\/posts"}],"about":[{"href":"https:\/\/www.pedroandretta.info\/index\/wp-json\/wp\/v2\/types\/post"}],"author":[{"embeddable":true,"href":"https:\/\/www.pedroandretta.info\/index\/wp-json\/wp\/v2\/users\/1"}],"replies":[{"embeddable":true,"href":"https:\/\/www.pedroandretta.info\/index\/wp-json\/wp\/v2\/comments?post=29723"}],"version-history":[{"count":0,"href":"https:\/\/www.pedroandretta.info\/index\/wp-json\/wp\/v2\/posts\/29723\/revisions"}],"wp:attachment":[{"href":"https:\/\/www.pedroandretta.info\/index\/wp-json\/wp\/v2\/media?parent=29723"}],"wp:term":[{"taxonomy":"category","embeddable":true,"href":"https:\/\/www.pedroandretta.info\/index\/wp-json\/wp\/v2\/categories?post=29723"},{"taxonomy":"post_tag","embeddable":true,"href":"https:\/\/www.pedroandretta.info\/index\/wp-json\/wp\/v2\/tags?post=29723"}],"curies":[{"name":"wp","href":"https:\/\/api.w.org\/{rel}","templated":true}]}}