{"id":2979,"date":"2019-10-31T22:55:59","date_gmt":"2019-10-31T22:55:59","guid":{"rendered":"https:\/\/www.pedroandretta.info\/index\/?p=2979"},"modified":"2019-10-31T22:55:59","modified_gmt":"2019-10-31T22:55:59","slug":"mais-que-informacao-acolhimento-o-d-informacao-e-um-espaco-de-apoio-as-pesso","status":"publish","type":"post","link":"https:\/\/www.pedroandretta.info\/index\/2019\/10\/mais-que-informacao-acolhimento-o-d-informacao-e-um-espaco-de-apoio-as-pesso\/","title":{"rendered":"Mais que informa\u00e7\u00e3o, acolhimento! O D+ Informa\u00e7\u00e3o \u00e9 um espa\u00e7o de apoio \u00e0s #pesso&#8230;"},"content":{"rendered":"<p>[ad_1]<br \/>\n<img data-recalc-dims=\"1\" decoding=\"async\" src=\"https:\/\/i0.wp.com\/jornal.usp.br\/wp-content\/uploads\/2019\/10\/20191025_Dinformacoes.jpg?w=696&#038;ssl=1\"\/><\/p>\n<blockquote class=\"twitter-tweet\">\n<p lang=\"pt\" dir=\"ltr\">Mais que informa\u00e7\u00e3o, acolhimento! O D+ Informa\u00e7\u00e3o \u00e9 um espa\u00e7o de apoio \u00e0s <a target=\"_blank\" href=\"https:\/\/twitter.com\/hashtag\/pessoascomdefici%C3%AAncia?src=hash&amp;ref_src=twsrc%5Etfw\" rel=\"noopener noreferrer\">#pessoascomdefici\u00eancia<\/a> , com materiais educativos, textos sobre leis e direitos, relatos de experi\u00eancia, artigos de pesquisas, not\u00edcias de interesse da comunidade, entre outros. <a target=\"_blank\" href=\"https:\/\/twitter.com\/hashtag\/PcD?src=hash&amp;ref_src=twsrc%5Etfw\" rel=\"noopener noreferrer\">#PcD<\/a> <a target=\"_blank\" href=\"https:\/\/t.co\/ndffL7LpNR\" rel=\"noopener noreferrer\">https:\/\/t.co\/ndffL7LpNR<\/a><\/p>\n<p>&mdash; Pedro Andretta (@andretta_pedro) <a target=\"_blank\" href=\"https:\/\/twitter.com\/andretta_pedro\/status\/1190039745868390400?ref_src=twsrc%5Etfw\" rel=\"noopener noreferrer\">October 31, 2019<\/a><\/p><\/blockquote>\n<p><script async src=\"https:\/\/platform.twitter.com\/widgets.js\" charset=\"utf-8\"><\/script><\/p>\n<p>[ad_2]<br \/>\n<br \/><a href=\"https:\/\/twitter.com\/andretta_pedro\/statuses\/1190039745868390400\">Source<\/a> by <a href=\"https:\/\/t.co\/MfIsGWjH1p\">Pedro Andretta<\/a><\/p>\n","protected":false},"excerpt":{"rendered":"<p>[ad_1] Mais que informa\u00e7\u00e3o, acolhimento! O D+ Informa\u00e7\u00e3o \u00e9 um espa\u00e7o de apoio \u00e0s #pessoascomdefici\u00eancia , com materiais educativos, textos sobre leis e direitos, relatos de experi\u00eancia, artigos de pesquisas, not\u00edcias de interesse da comunidade, entre outros. #PcD https:\/\/t.co\/ndffL7LpNR &mdash; Pedro Andretta (@andretta_pedro) October 31, 2019 [ad_2] Source by Pedro Andretta<\/p>\n","protected":false},"author":1,"featured_media":2980,"comment_status":"closed","ping_status":"open","sticky":false,"template":"","format":"standard","meta":{"_jetpack_memberships_contains_paid_content":false,"footnotes":"","jetpack_publicize_message":"","jetpack_publicize_feature_enabled":true,"jetpack_social_post_already_shared":false,"jetpack_social_options":{"image_generator_settings":{"template":"highway","default_image_id":0,"font":"","enabled":false},"version":2}},"categories":[21],"tags":[102],"class_list":["post-2979","post","type-post","status-publish","format-standard","has-post-thumbnail","hentry","category-informeci","tag-pessoascomdeficiencia"],"jetpack_publicize_connections":[],"jetpack_featured_media_url":"https:\/\/i0.wp.com\/www.pedroandretta.info\/index\/wp-content\/uploads\/2019\/12\/20191025_Dinformacoes.jpg?fit=800%2C420&ssl=1","views":"","jetpack_sharing_enabled":true,"_links":{"self":[{"href":"https:\/\/www.pedroandretta.info\/index\/wp-json\/wp\/v2\/posts\/2979","targetHints":{"allow":["GET"]}}],"collection":[{"href":"https:\/\/www.pedroandretta.info\/index\/wp-json\/wp\/v2\/posts"}],"about":[{"href":"https:\/\/www.pedroandretta.info\/index\/wp-json\/wp\/v2\/types\/post"}],"author":[{"embeddable":true,"href":"https:\/\/www.pedroandretta.info\/index\/wp-json\/wp\/v2\/users\/1"}],"replies":[{"embeddable":true,"href":"https:\/\/www.pedroandretta.info\/index\/wp-json\/wp\/v2\/comments?post=2979"}],"version-history":[{"count":0,"href":"https:\/\/www.pedroandretta.info\/index\/wp-json\/wp\/v2\/posts\/2979\/revisions"}],"wp:featuredmedia":[{"embeddable":true,"href":"https:\/\/www.pedroandretta.info\/index\/wp-json\/wp\/v2\/media\/2980"}],"wp:attachment":[{"href":"https:\/\/www.pedroandretta.info\/index\/wp-json\/wp\/v2\/media?parent=2979"}],"wp:term":[{"taxonomy":"category","embeddable":true,"href":"https:\/\/www.pedroandretta.info\/index\/wp-json\/wp\/v2\/categories?post=2979"},{"taxonomy":"post_tag","embeddable":true,"href":"https:\/\/www.pedroandretta.info\/index\/wp-json\/wp\/v2\/tags?post=2979"}],"curies":[{"name":"wp","href":"https:\/\/api.w.org\/{rel}","templated":true}]}}