{"id":2982,"date":"2019-10-31T01:46:00","date_gmt":"2019-10-31T01:46:00","guid":{"rendered":"https:\/\/www.pedroandretta.info\/index\/?p=2982"},"modified":"2019-10-31T01:46:00","modified_gmt":"2019-10-31T01:46:00","slug":"e-tem-bibliotecario-que-quer-trabalhar-em-editoras-so-pra-normalizar-e-diagrama","status":"publish","type":"post","link":"https:\/\/www.pedroandretta.info\/index\/2019\/10\/e-tem-bibliotecario-que-quer-trabalhar-em-editoras-so-pra-normalizar-e-diagrama\/","title":{"rendered":"E tem #bibliotec\u00e1rio que quer trabalhar em editoras s\u00f3 pra normalizar e diagrama&#8230;"},"content":{"rendered":"<p>[ad_1]<\/p>\n<blockquote class=\"twitter-tweet\">\n<p lang=\"pt\" dir=\"ltr\">E tem <a target=\"_blank\" href=\"https:\/\/twitter.com\/hashtag\/bibliotec%C3%A1rio?src=hash&amp;ref_src=twsrc%5Etfw\" rel=\"noopener noreferrer\">#bibliotec\u00e1rio<\/a> que quer trabalhar em editoras s\u00f3 pra normalizar e diagramar. Os <a target=\"_blank\" href=\"https:\/\/twitter.com\/hashtag\/bibliotec%C3%A1rios?src=hash&amp;ref_src=twsrc%5Etfw\" rel=\"noopener noreferrer\">#bibliotec\u00e1rios<\/a> precisam entrar nesse mercado de gera\u00e7\u00e3o de <a target=\"_blank\" href=\"https:\/\/twitter.com\/hashtag\/metadados?src=hash&amp;ref_src=twsrc%5Etfw\" rel=\"noopener noreferrer\">#metadados<\/a> e <a target=\"_blank\" href=\"https:\/\/twitter.com\/hashtag\/classifica%C3%A7%C3%A3o?src=hash&amp;ref_src=twsrc%5Etfw\" rel=\"noopener noreferrer\">#classifica\u00e7\u00e3o<\/a> para editoras\/livrarias virtuais! Metadados: a ponte entre leitor e livro. <a target=\"_blank\" href=\"https:\/\/t.co\/0jbVrJEsbw\" rel=\"noopener noreferrer\">https:\/\/t.co\/0jbVrJEsbw<\/a><\/p>\n<p>&mdash; Pedro Andretta (@andretta_pedro) <a target=\"_blank\" href=\"https:\/\/twitter.com\/andretta_pedro\/status\/1189720140440571904?ref_src=twsrc%5Etfw\" rel=\"noopener noreferrer\">October 31, 2019<\/a><\/p><\/blockquote>\n<p><script async src=\"https:\/\/platform.twitter.com\/widgets.js\" charset=\"utf-8\"><\/script><\/p>\n<p>[ad_2]<br \/>\n<br \/><a href=\"https:\/\/twitter.com\/andretta_pedro\/statuses\/1189720140440571904\">Source<\/a> by <a href=\"https:\/\/t.co\/MfIsGWjH1p\">Pedro Andretta<\/a><\/p>\n","protected":false},"excerpt":{"rendered":"<p>[ad_1] E tem #bibliotec\u00e1rio que quer trabalhar em editoras s\u00f3 pra normalizar e diagramar. Os #bibliotec\u00e1rios precisam entrar nesse mercado de gera\u00e7\u00e3o de #metadados e #classifica\u00e7\u00e3o para editoras\/livrarias virtuais! Metadados: a ponte entre leitor e livro. https:\/\/t.co\/0jbVrJEsbw &mdash; Pedro Andretta (@andretta_pedro) October 31, 2019 [ad_2] Source by Pedro Andretta<\/p>\n","protected":false},"author":1,"featured_media":0,"comment_status":"closed","ping_status":"open","sticky":false,"template":"","format":"standard","meta":{"_jetpack_memberships_contains_paid_content":false,"footnotes":"","jetpack_publicize_message":"","jetpack_publicize_feature_enabled":true,"jetpack_social_post_already_shared":false,"jetpack_social_options":{"image_generator_settings":{"template":"highway","default_image_id":0,"font":"","enabled":false},"version":2}},"categories":[21],"tags":[22,108,76],"class_list":["post-2982","post","type-post","status-publish","format-standard","hentry","category-informeci","tag-bibliotecarios","tag-classificacao","tag-metadados"],"jetpack_publicize_connections":[],"jetpack_featured_media_url":"","views":"","jetpack_sharing_enabled":true,"_links":{"self":[{"href":"https:\/\/www.pedroandretta.info\/index\/wp-json\/wp\/v2\/posts\/2982","targetHints":{"allow":["GET"]}}],"collection":[{"href":"https:\/\/www.pedroandretta.info\/index\/wp-json\/wp\/v2\/posts"}],"about":[{"href":"https:\/\/www.pedroandretta.info\/index\/wp-json\/wp\/v2\/types\/post"}],"author":[{"embeddable":true,"href":"https:\/\/www.pedroandretta.info\/index\/wp-json\/wp\/v2\/users\/1"}],"replies":[{"embeddable":true,"href":"https:\/\/www.pedroandretta.info\/index\/wp-json\/wp\/v2\/comments?post=2982"}],"version-history":[{"count":0,"href":"https:\/\/www.pedroandretta.info\/index\/wp-json\/wp\/v2\/posts\/2982\/revisions"}],"wp:attachment":[{"href":"https:\/\/www.pedroandretta.info\/index\/wp-json\/wp\/v2\/media?parent=2982"}],"wp:term":[{"taxonomy":"category","embeddable":true,"href":"https:\/\/www.pedroandretta.info\/index\/wp-json\/wp\/v2\/categories?post=2982"},{"taxonomy":"post_tag","embeddable":true,"href":"https:\/\/www.pedroandretta.info\/index\/wp-json\/wp\/v2\/tags?post=2982"}],"curies":[{"name":"wp","href":"https:\/\/api.w.org\/{rel}","templated":true}]}}