{"id":29903,"date":"2025-04-01T13:02:29","date_gmt":"2025-04-01T17:02:29","guid":{"rendered":"https:\/\/www.pedroandretta.info\/index\/?p=29903"},"modified":"2025-04-01T13:02:34","modified_gmt":"2025-04-01T17:02:34","slug":"competencias-para-os-profissionais-da-informacao-no-quadro-da-ciencia-aberta","status":"publish","type":"post","link":"https:\/\/www.pedroandretta.info\/index\/2025\/04\/competencias-para-os-profissionais-da-informacao-no-quadro-da-ciencia-aberta\/","title":{"rendered":"Compet\u00eancias para os Profissionais da Informa\u00e7\u00e3o no quadro da Ci\u00eancia Aberta"},"content":{"rendered":"\n<p><strong>Compet\u00eancias para os Profissionais da Informa\u00e7\u00e3o no quadro da Ci\u00eancia Aberta<\/strong><\/p>\n\n\n\n<p>Os resultados encontrados permitem sublinhar a necessidade de cria\u00e7\u00e3o de compet\u00eancias com destaque em \u00e1reas como o Acesso Aberto, os Dados de Investiga\u00e7\u00e3o abertos e as M\u00e9tricas Abertas e Respons\u00e1veis. A aquisi\u00e7\u00e3o de compet\u00eancias \u00e9 crucial para responder aos novos desafios que a Ci\u00eancia Aberta convoca a todos os intervenientes deste ciclo complexo que \u00e9 o ciclo da informa\u00e7\u00e3o cient\u00edfica.<\/p>\n\n\n\n<p>#Compet\u00eancias #Ci\u00eanciaAberta #Atua\u00e7\u00e3oProfissional<\/p>\n\n\n\n<p>Dispon\u00edvel em: <a href=\"https:\/\/estudogeral.uc.pt\/handle\/10316\/118466\">https:\/\/estudogeral.uc.pt\/handle\/10316\/118466<\/a><\/p>\n\n\n\n<figure class=\"wp-block-image size-large\"><img data-recalc-dims=\"1\" decoding=\"async\" width=\"465\" height=\"600\" src=\"https:\/\/i0.wp.com\/www.pedroandretta.info\/index\/wp-content\/uploads\/2025\/04\/image-3.png?resize=465%2C600&#038;ssl=1\" alt=\"\" class=\"wp-image-29904\" srcset=\"https:\/\/i0.wp.com\/www.pedroandretta.info\/index\/wp-content\/uploads\/2025\/04\/image-3.png?resize=465%2C600&amp;ssl=1 465w, https:\/\/i0.wp.com\/www.pedroandretta.info\/index\/wp-content\/uploads\/2025\/04\/image-3.png?resize=233%2C300&amp;ssl=1 233w, https:\/\/i0.wp.com\/www.pedroandretta.info\/index\/wp-content\/uploads\/2025\/04\/image-3.png?w=577&amp;ssl=1 577w\" sizes=\"(max-width: 465px) 100vw, 465px\" \/><\/figure>\n","protected":false},"excerpt":{"rendered":"<p>Compet\u00eancias para os Profissionais da Informa\u00e7\u00e3o no quadro da Ci\u00eancia Aberta Os resultados encontrados permitem sublinhar a necessidade de cria\u00e7\u00e3o de compet\u00eancias com destaque em \u00e1reas como o Acesso Aberto, os Dados de Investiga\u00e7\u00e3o abertos e as M\u00e9tricas Abertas e Respons\u00e1veis. A aquisi\u00e7\u00e3o de compet\u00eancias \u00e9 crucial para responder aos novos desafios que a Ci\u00eancia<\/p><\/div>\n<div class=\"blog-btn\"><a href=\"https:\/\/www.pedroandretta.info\/index\/2025\/04\/competencias-para-os-profissionais-da-informacao-no-quadro-da-ciencia-aberta\/\" class=\"home-blog-btn\">Ler mais<\/a><\/p>\n","protected":false},"author":1,"featured_media":0,"comment_status":"open","ping_status":"open","sticky":false,"template":"","format":"standard","meta":{"_jetpack_memberships_contains_paid_content":false,"footnotes":"","jetpack_publicize_message":"","jetpack_publicize_feature_enabled":true,"jetpack_social_post_already_shared":true,"jetpack_social_options":{"image_generator_settings":{"template":"highway","default_image_id":0,"font":"","enabled":false},"version":2}},"categories":[21],"tags":[1702,198,1300],"class_list":["post-29903","post","type-post","status-publish","format-standard","hentry","category-informeci","tag-atuacaoprofissional","tag-cienciaaberta","tag-competencia"],"jetpack_publicize_connections":[],"jetpack_featured_media_url":"","views":"","jetpack_sharing_enabled":true,"_links":{"self":[{"href":"https:\/\/www.pedroandretta.info\/index\/wp-json\/wp\/v2\/posts\/29903","targetHints":{"allow":["GET"]}}],"collection":[{"href":"https:\/\/www.pedroandretta.info\/index\/wp-json\/wp\/v2\/posts"}],"about":[{"href":"https:\/\/www.pedroandretta.info\/index\/wp-json\/wp\/v2\/types\/post"}],"author":[{"embeddable":true,"href":"https:\/\/www.pedroandretta.info\/index\/wp-json\/wp\/v2\/users\/1"}],"replies":[{"embeddable":true,"href":"https:\/\/www.pedroandretta.info\/index\/wp-json\/wp\/v2\/comments?post=29903"}],"version-history":[{"count":0,"href":"https:\/\/www.pedroandretta.info\/index\/wp-json\/wp\/v2\/posts\/29903\/revisions"}],"wp:attachment":[{"href":"https:\/\/www.pedroandretta.info\/index\/wp-json\/wp\/v2\/media?parent=29903"}],"wp:term":[{"taxonomy":"category","embeddable":true,"href":"https:\/\/www.pedroandretta.info\/index\/wp-json\/wp\/v2\/categories?post=29903"},{"taxonomy":"post_tag","embeddable":true,"href":"https:\/\/www.pedroandretta.info\/index\/wp-json\/wp\/v2\/tags?post=29903"}],"curies":[{"name":"wp","href":"https:\/\/api.w.org\/{rel}","templated":true}]}}