{"id":29973,"date":"2025-04-02T11:15:57","date_gmt":"2025-04-02T15:15:57","guid":{"rendered":"https:\/\/www.pedroandretta.info\/index\/?p=29973"},"modified":"2025-04-02T11:16:01","modified_gmt":"2025-04-02T15:16:01","slug":"construindo-literacias-melhores-praticas-para-bibliotecas-academicas-na-era-da-biblioteca-3-0-international-journal-of-librarianship","status":"publish","type":"post","link":"https:\/\/www.pedroandretta.info\/index\/2025\/04\/construindo-literacias-melhores-praticas-para-bibliotecas-academicas-na-era-da-biblioteca-3-0-international-journal-of-librarianship\/","title":{"rendered":"Construindo Literacias: Melhores Pr\u00e1ticas para Bibliotecas Acad\u00eamicas na Era da Biblioteca 3.0 \/ International Journal of Librarianship"},"content":{"rendered":"\n<p><strong>Construindo Literacias: Melhores Pr\u00e1ticas para Bibliotecas Acad\u00eamicas na Era da Biblioteca 3.0<\/strong><\/p>\n\n\n\n<p>Este artigo explora o papel evolutivo das bibliotecas acad\u00eamicas como centros educacionais atrav\u00e9s das lentes das literacias fundamentais \u2014 Literacia da Informa\u00e7\u00e3o (IL), Literacia Digital (DL) e Literacia de IA (AIL). Com base em observa\u00e7\u00f5es de pr\u00e1ticas na Biblioteca da Universidade de Link\u00f6ping (LiUB), ele sintetiza essas iniciativas em uma estrutura proposta inspirada nos princ\u00edpios da Biblioteca 3.0: Participa\u00e7\u00e3o, Interatividade e Adaptabilidade. A estrutura oferece uma abordagem estruturada para integrar essas literacias na programa\u00e7\u00e3o educacional da biblioteca, enfatizando o papel da biblioteca em promover compet\u00eancias cr\u00edticas para o aprendizado ao longo da vida em um ambiente digital em r\u00e1pida mudan\u00e7a.\u00a0<\/p>\n\n\n\n<p>#CoInfo #Compet\u00eanciasDigitais #Compet\u00eanciaAlgor\u00edtica #BoasPr\u00e1ticas #BibliotecasUniversit\u00e1rias<\/p>\n\n\n\n<p>Dispon\u00edvel em: <a href=\"https:\/\/journal.calaijol.org\/index.php\/ijol\/article\/view\/437\">https:\/\/journal.calaijol.org\/index.php\/ijol\/article\/view\/437<\/a><\/p>\n\n\n\n<figure class=\"wp-block-image size-full\"><img data-recalc-dims=\"1\" decoding=\"async\" width=\"440\" height=\"559\" src=\"https:\/\/i0.wp.com\/www.pedroandretta.info\/index\/wp-content\/uploads\/2025\/04\/image-20.png?resize=440%2C559&#038;ssl=1\" alt=\"\" class=\"wp-image-29974\" srcset=\"https:\/\/i0.wp.com\/www.pedroandretta.info\/index\/wp-content\/uploads\/2025\/04\/image-20.png?w=440&amp;ssl=1 440w, https:\/\/i0.wp.com\/www.pedroandretta.info\/index\/wp-content\/uploads\/2025\/04\/image-20.png?resize=236%2C300&amp;ssl=1 236w\" sizes=\"(max-width: 440px) 100vw, 440px\" \/><\/figure>\n","protected":false},"excerpt":{"rendered":"<p>Construindo Literacias: Melhores Pr\u00e1ticas para Bibliotecas Acad\u00eamicas na Era da Biblioteca 3.0 Este artigo explora o papel evolutivo das bibliotecas acad\u00eamicas como centros educacionais atrav\u00e9s das lentes das literacias fundamentais \u2014 Literacia da Informa\u00e7\u00e3o (IL), Literacia Digital (DL) e Literacia de IA (AIL). Com base em observa\u00e7\u00f5es de pr\u00e1ticas na Biblioteca da Universidade de Link\u00f6ping<\/p><\/div>\n<div class=\"blog-btn\"><a href=\"https:\/\/www.pedroandretta.info\/index\/2025\/04\/construindo-literacias-melhores-praticas-para-bibliotecas-academicas-na-era-da-biblioteca-3-0-international-journal-of-librarianship\/\" class=\"home-blog-btn\">Ler mais<\/a><\/p>\n","protected":false},"author":1,"featured_media":0,"comment_status":"open","ping_status":"open","sticky":false,"template":"","format":"standard","meta":{"_jetpack_memberships_contains_paid_content":false,"footnotes":"","jetpack_publicize_message":"","jetpack_publicize_feature_enabled":true,"jetpack_social_post_already_shared":true,"jetpack_social_options":{"image_generator_settings":{"template":"highway","default_image_id":0,"font":"","enabled":false},"version":2}},"categories":[21],"tags":[114,377,46,3305,2918],"class_list":["post-29973","post","type-post","status-publish","format-standard","hentry","category-informeci","tag-bibliotecasuniversitarias","tag-boaspraticas","tag-coinfo","tag-competenciaalgoritmica","tag-competenciasdigitais"],"jetpack_publicize_connections":[],"jetpack_featured_media_url":"","views":"","jetpack_sharing_enabled":true,"_links":{"self":[{"href":"https:\/\/www.pedroandretta.info\/index\/wp-json\/wp\/v2\/posts\/29973","targetHints":{"allow":["GET"]}}],"collection":[{"href":"https:\/\/www.pedroandretta.info\/index\/wp-json\/wp\/v2\/posts"}],"about":[{"href":"https:\/\/www.pedroandretta.info\/index\/wp-json\/wp\/v2\/types\/post"}],"author":[{"embeddable":true,"href":"https:\/\/www.pedroandretta.info\/index\/wp-json\/wp\/v2\/users\/1"}],"replies":[{"embeddable":true,"href":"https:\/\/www.pedroandretta.info\/index\/wp-json\/wp\/v2\/comments?post=29973"}],"version-history":[{"count":0,"href":"https:\/\/www.pedroandretta.info\/index\/wp-json\/wp\/v2\/posts\/29973\/revisions"}],"wp:attachment":[{"href":"https:\/\/www.pedroandretta.info\/index\/wp-json\/wp\/v2\/media?parent=29973"}],"wp:term":[{"taxonomy":"category","embeddable":true,"href":"https:\/\/www.pedroandretta.info\/index\/wp-json\/wp\/v2\/categories?post=29973"},{"taxonomy":"post_tag","embeddable":true,"href":"https:\/\/www.pedroandretta.info\/index\/wp-json\/wp\/v2\/tags?post=29973"}],"curies":[{"name":"wp","href":"https:\/\/api.w.org\/{rel}","templated":true}]}}