{"id":30044,"date":"2025-04-03T09:02:09","date_gmt":"2025-04-03T13:02:09","guid":{"rendered":"https:\/\/www.pedroandretta.info\/index\/?p=30044"},"modified":"2025-04-03T09:02:14","modified_gmt":"2025-04-03T13:02:14","slug":"divulgacao-cientifica-sob-a-perspectiva-da-ciencia-aberta-ciencia-da-informacao","status":"publish","type":"post","link":"https:\/\/www.pedroandretta.info\/index\/2025\/04\/divulgacao-cientifica-sob-a-perspectiva-da-ciencia-aberta-ciencia-da-informacao\/","title":{"rendered":"Divulga\u00e7\u00e3o cient\u00edfica sob a perspectiva da Ci\u00eancia Aberta \/ Ci\u00eancia da Informa\u00e7\u00e3o"},"content":{"rendered":"\n<p><strong>Divulga\u00e7\u00e3o cient\u00edfica sob a perspectiva da Ci\u00eancia Aberta<\/strong><\/p>\n\n\n\n<p>Discute-se as tend\u00eancias unidirecional e dial\u00f3gica e seus respectivos modelos (<em>d\u00e9ficit<\/em>\u00a0cognitivo, contextual, experi\u00eancia leiga e participa\u00e7\u00e3o p\u00fablica), relacionando-os com as perspectivas pragm\u00e1tica e democr\u00e1tica da ci\u00eancia cidad\u00e3 as perspectivas de alfabetiza\u00e7\u00e3o e letramento cient\u00edfico. Infere-se que os modelos dial\u00f3gicos e horizontalizados de divulga\u00e7\u00e3o cient\u00edfica podem ser considerados pr\u00e1ticas da ci\u00eancia aberta e cidad\u00e3 na perspectiva democr\u00e1tica, pois possibilitam a participa\u00e7\u00e3o p\u00fablica na produ\u00e7\u00e3o cient\u00edfica, promovendo letramento cient\u00edfico.<\/p>\n\n\n\n<p>#Divulga\u00e7\u00e3oCient\u00edfica #Ci\u00eanciaAberta<\/p>\n\n\n\n<p>Dispon\u00edvel em: <a href=\"https:\/\/revista.ibict.br\/ciinf\/article\/view\/7284\">https:\/\/revista.ibict.br\/ciinf\/article\/view\/7284<\/a><\/p>\n\n\n\n<figure class=\"wp-block-image size-large\"><img data-recalc-dims=\"1\" decoding=\"async\" width=\"459\" height=\"600\" src=\"https:\/\/i0.wp.com\/www.pedroandretta.info\/index\/wp-content\/uploads\/2025\/04\/image-38.png?resize=459%2C600&#038;ssl=1\" alt=\"\" class=\"wp-image-30045\" srcset=\"https:\/\/i0.wp.com\/www.pedroandretta.info\/index\/wp-content\/uploads\/2025\/04\/image-38.png?resize=459%2C600&amp;ssl=1 459w, https:\/\/i0.wp.com\/www.pedroandretta.info\/index\/wp-content\/uploads\/2025\/04\/image-38.png?resize=230%2C300&amp;ssl=1 230w, https:\/\/i0.wp.com\/www.pedroandretta.info\/index\/wp-content\/uploads\/2025\/04\/image-38.png?w=520&amp;ssl=1 520w\" sizes=\"(max-width: 459px) 100vw, 459px\" \/><\/figure>\n","protected":false},"excerpt":{"rendered":"<p>Divulga\u00e7\u00e3o cient\u00edfica sob a perspectiva da Ci\u00eancia Aberta Discute-se as tend\u00eancias unidirecional e dial\u00f3gica e seus respectivos modelos (d\u00e9ficit\u00a0cognitivo, contextual, experi\u00eancia leiga e participa\u00e7\u00e3o p\u00fablica), relacionando-os com as perspectivas pragm\u00e1tica e democr\u00e1tica da ci\u00eancia cidad\u00e3 as perspectivas de alfabetiza\u00e7\u00e3o e letramento cient\u00edfico. Infere-se que os modelos dial\u00f3gicos e horizontalizados de divulga\u00e7\u00e3o cient\u00edfica podem ser considerados<\/p><\/div>\n<div class=\"blog-btn\"><a href=\"https:\/\/www.pedroandretta.info\/index\/2025\/04\/divulgacao-cientifica-sob-a-perspectiva-da-ciencia-aberta-ciencia-da-informacao\/\" class=\"home-blog-btn\">Ler mais<\/a><\/p>\n","protected":false},"author":1,"featured_media":0,"comment_status":"open","ping_status":"open","sticky":false,"template":"","format":"standard","meta":{"_jetpack_memberships_contains_paid_content":false,"footnotes":"","jetpack_publicize_message":"","jetpack_publicize_feature_enabled":true,"jetpack_social_post_already_shared":true,"jetpack_social_options":{"image_generator_settings":{"template":"highway","default_image_id":0,"font":"","enabled":false},"version":2}},"categories":[21],"tags":[198,542],"class_list":["post-30044","post","type-post","status-publish","format-standard","hentry","category-informeci","tag-cienciaaberta","tag-divulgacaocientifica"],"jetpack_publicize_connections":[],"jetpack_featured_media_url":"","views":"","jetpack_sharing_enabled":true,"_links":{"self":[{"href":"https:\/\/www.pedroandretta.info\/index\/wp-json\/wp\/v2\/posts\/30044","targetHints":{"allow":["GET"]}}],"collection":[{"href":"https:\/\/www.pedroandretta.info\/index\/wp-json\/wp\/v2\/posts"}],"about":[{"href":"https:\/\/www.pedroandretta.info\/index\/wp-json\/wp\/v2\/types\/post"}],"author":[{"embeddable":true,"href":"https:\/\/www.pedroandretta.info\/index\/wp-json\/wp\/v2\/users\/1"}],"replies":[{"embeddable":true,"href":"https:\/\/www.pedroandretta.info\/index\/wp-json\/wp\/v2\/comments?post=30044"}],"version-history":[{"count":0,"href":"https:\/\/www.pedroandretta.info\/index\/wp-json\/wp\/v2\/posts\/30044\/revisions"}],"wp:attachment":[{"href":"https:\/\/www.pedroandretta.info\/index\/wp-json\/wp\/v2\/media?parent=30044"}],"wp:term":[{"taxonomy":"category","embeddable":true,"href":"https:\/\/www.pedroandretta.info\/index\/wp-json\/wp\/v2\/categories?post=30044"},{"taxonomy":"post_tag","embeddable":true,"href":"https:\/\/www.pedroandretta.info\/index\/wp-json\/wp\/v2\/tags?post=30044"}],"curies":[{"name":"wp","href":"https:\/\/api.w.org\/{rel}","templated":true}]}}