{"id":30099,"date":"2025-07-04T11:50:00","date_gmt":"2025-07-04T15:50:00","guid":{"rendered":"https:\/\/www.pedroandretta.info\/index\/?p=30099"},"modified":"2025-04-04T11:53:35","modified_gmt":"2025-04-04T15:53:35","slug":"eros-na-biblioteca-considerando-a-estetica-da-organizacao-do-conhecimento-fims-publications","status":"publish","type":"post","link":"https:\/\/www.pedroandretta.info\/index\/2025\/07\/eros-na-biblioteca-considerando-a-estetica-da-organizacao-do-conhecimento-fims-publications\/","title":{"rendered":"Eros na Biblioteca: Considerando a Est\u00e9tica da Organiza\u00e7\u00e3o do Conhecimento \/ FIMS Publications"},"content":{"rendered":"\n<p>Eros na Biblioteca: Considerando a Est\u00e9tica da Organiza\u00e7\u00e3o do Conhecimento<\/p>\n\n\n\n<p>Privilegiar os aspectos est\u00e9ticos da organiza\u00e7\u00e3o do conhecimento por meio de uma lente hist\u00f3rica feminista pode abrir possibilidades para reimaginar o espa\u00e7o de uma biblioteca. Este artigo revela a hist\u00f3ria de uma figura relativamente desconhecida na hist\u00f3ria da organiza\u00e7\u00e3o do conhecimento. Sugiro que podemos considerar Pamphila, uma miscel\u00e2nea que viveu na Gr\u00e9cia durante o s\u00e9culo I, como uma &#8220;catalogadora radical&#8221; que introduziu um m\u00e9todo associado \u00e0 tecelagem e ao bordado. Seu m\u00e9todo organizacional privilegiava a beleza e o prazer, juntamente com a precis\u00e3o hist\u00f3rica e a utilidade.<\/p>\n\n\n\n<p>#Organiza\u00e7\u00e3oDoConhecimento<\/p>\n\n\n\n<p>Dispon\u00edvel em: <a href=\"https:\/\/ir.lib.uwo.ca\/fimspub\/392\/\">https:\/\/ir.lib.uwo.ca\/fimspub\/392\/<\/a><\/p>\n\n\n\n<figure class=\"wp-block-image size-large\"><img data-recalc-dims=\"1\" decoding=\"async\" width=\"415\" height=\"600\" src=\"https:\/\/i0.wp.com\/www.pedroandretta.info\/index\/wp-content\/uploads\/2025\/04\/image-51.png?resize=415%2C600&#038;ssl=1\" alt=\"\" class=\"wp-image-30100\" srcset=\"https:\/\/i0.wp.com\/www.pedroandretta.info\/index\/wp-content\/uploads\/2025\/04\/image-51.png?resize=415%2C600&amp;ssl=1 415w, https:\/\/i0.wp.com\/www.pedroandretta.info\/index\/wp-content\/uploads\/2025\/04\/image-51.png?resize=207%2C300&amp;ssl=1 207w, https:\/\/i0.wp.com\/www.pedroandretta.info\/index\/wp-content\/uploads\/2025\/04\/image-51.png?w=514&amp;ssl=1 514w\" sizes=\"(max-width: 415px) 100vw, 415px\" \/><\/figure>\n","protected":false},"excerpt":{"rendered":"<p>Eros na Biblioteca: Considerando a Est\u00e9tica da Organiza\u00e7\u00e3o do Conhecimento Privilegiar os aspectos est\u00e9ticos da organiza\u00e7\u00e3o do conhecimento por meio de uma lente hist\u00f3rica feminista pode abrir possibilidades para reimaginar o espa\u00e7o de uma biblioteca. Este artigo revela a hist\u00f3ria de uma figura relativamente desconhecida na hist\u00f3ria da organiza\u00e7\u00e3o do conhecimento. Sugiro que podemos considerar<\/p><\/div>\n<div class=\"blog-btn\"><a href=\"https:\/\/www.pedroandretta.info\/index\/2025\/07\/eros-na-biblioteca-considerando-a-estetica-da-organizacao-do-conhecimento-fims-publications\/\" class=\"home-blog-btn\">Ler mais<\/a><\/p>\n","protected":false},"author":1,"featured_media":0,"comment_status":"open","ping_status":"open","sticky":false,"template":"","format":"standard","meta":{"_jetpack_memberships_contains_paid_content":false,"footnotes":"","jetpack_publicize_message":"","jetpack_publicize_feature_enabled":true,"jetpack_social_post_already_shared":true,"jetpack_social_options":{"image_generator_settings":{"template":"highway","default_image_id":0,"font":"","enabled":false},"version":2}},"categories":[21],"tags":[704],"class_list":["post-30099","post","type-post","status-publish","format-standard","hentry","category-informeci","tag-organizacaodoconhecimento"],"jetpack_publicize_connections":[],"jetpack_featured_media_url":"","views":"","jetpack_sharing_enabled":true,"_links":{"self":[{"href":"https:\/\/www.pedroandretta.info\/index\/wp-json\/wp\/v2\/posts\/30099","targetHints":{"allow":["GET"]}}],"collection":[{"href":"https:\/\/www.pedroandretta.info\/index\/wp-json\/wp\/v2\/posts"}],"about":[{"href":"https:\/\/www.pedroandretta.info\/index\/wp-json\/wp\/v2\/types\/post"}],"author":[{"embeddable":true,"href":"https:\/\/www.pedroandretta.info\/index\/wp-json\/wp\/v2\/users\/1"}],"replies":[{"embeddable":true,"href":"https:\/\/www.pedroandretta.info\/index\/wp-json\/wp\/v2\/comments?post=30099"}],"version-history":[{"count":0,"href":"https:\/\/www.pedroandretta.info\/index\/wp-json\/wp\/v2\/posts\/30099\/revisions"}],"wp:attachment":[{"href":"https:\/\/www.pedroandretta.info\/index\/wp-json\/wp\/v2\/media?parent=30099"}],"wp:term":[{"taxonomy":"category","embeddable":true,"href":"https:\/\/www.pedroandretta.info\/index\/wp-json\/wp\/v2\/categories?post=30099"},{"taxonomy":"post_tag","embeddable":true,"href":"https:\/\/www.pedroandretta.info\/index\/wp-json\/wp\/v2\/tags?post=30099"}],"curies":[{"name":"wp","href":"https:\/\/api.w.org\/{rel}","templated":true}]}}