{"id":30115,"date":"2025-04-05T12:16:05","date_gmt":"2025-04-05T16:16:05","guid":{"rendered":"https:\/\/www.pedroandretta.info\/index\/?p=30115"},"modified":"2025-04-04T12:18:10","modified_gmt":"2025-04-04T16:18:10","slug":"a-reconstrucao-da-trajetoria-de-maria-beatriz-mae-beata-no-contexto-sociocultural-e-religioso-da-paraiba-entrevista-com-karina-ceci-divulga-ci","status":"publish","type":"post","link":"https:\/\/www.pedroandretta.info\/index\/2025\/04\/a-reconstrucao-da-trajetoria-de-maria-beatriz-mae-beata-no-contexto-sociocultural-e-religioso-da-paraiba-entrevista-com-karina-ceci-divulga-ci\/","title":{"rendered":"A reconstru\u00e7\u00e3o da trajet\u00f3ria de Maria Beatriz, M\u00e3e Beata, no contexto sociocultural e religioso da Para\u00edba \u2013 Entrevista com Karina Ceci \/ Divulga-CI"},"content":{"rendered":"\n<p><strong>A reconstru\u00e7\u00e3o da trajet\u00f3ria de Maria Beatriz, M\u00e3e Beata, no contexto sociocultural e religioso da Para\u00edba \u2013 Entrevista com Karina Ceci<\/strong><\/p>\n\n\n\n<p>Confira nossa entrevista com a pesquisadora Karina Ceci de Sousa Holmes, mestra em Ci\u00eancia da Informa\u00e7\u00e3o pela Universidade Federal da Para\u00edba. Em sua disserta\u00e7\u00e3o, Karina Ceci resgatou a trajet\u00f3ria de M\u00e3e Beata e outros religiosos que lutaram pelo direito de praticar e preservar os cultos afro-ind\u00edgenas no Brasil. Na entrevista, conhe\u00e7a um pouco sobre o processo da disserta\u00e7\u00e3o e percurso da pesquisadora.<\/p>\n\n\n\n<p>#Entrevistas #Religi\u00f5esAfroBrasileiras<\/p>\n\n\n\n<p>via Divulga-CI<\/p>\n\n\n\n<p>Dispon\u00edvel em: <a href=\"https:\/\/www.divulgaci.labci.online\/v-3-n-3-mar-2025\/a-reconstrucao-da-trajetoria-de-maria-beatriz-mae-beata-no-contexto-sociocultural-e-religioso-da-paraiba-entrevista-com-karina-ceci\/\">https:\/\/www.divulgaci.labci.online\/v-3-n-3-mar-2025\/a-reconstrucao-da-trajetoria-de-maria-beatriz-mae-beata-no-contexto-sociocultural-e-religioso-da-paraiba-entrevista-com-karina-ceci\/<\/a><\/p>\n\n\n\n<figure class=\"wp-block-image size-large\"><img data-recalc-dims=\"1\" decoding=\"async\" width=\"429\" height=\"600\" src=\"https:\/\/i0.wp.com\/www.pedroandretta.info\/index\/wp-content\/uploads\/2025\/04\/image-55.png?resize=429%2C600&#038;ssl=1\" alt=\"\" class=\"wp-image-30116\" srcset=\"https:\/\/i0.wp.com\/www.pedroandretta.info\/index\/wp-content\/uploads\/2025\/04\/image-55.png?resize=429%2C600&amp;ssl=1 429w, https:\/\/i0.wp.com\/www.pedroandretta.info\/index\/wp-content\/uploads\/2025\/04\/image-55.png?resize=215%2C300&amp;ssl=1 215w, https:\/\/i0.wp.com\/www.pedroandretta.info\/index\/wp-content\/uploads\/2025\/04\/image-55.png?w=537&amp;ssl=1 537w\" sizes=\"(max-width: 429px) 100vw, 429px\" \/><\/figure>\n","protected":false},"excerpt":{"rendered":"<p>A reconstru\u00e7\u00e3o da trajet\u00f3ria de Maria Beatriz, M\u00e3e Beata, no contexto sociocultural e religioso da Para\u00edba \u2013 Entrevista com Karina Ceci Confira nossa entrevista com a pesquisadora Karina Ceci de Sousa Holmes, mestra em Ci\u00eancia da Informa\u00e7\u00e3o pela Universidade Federal da Para\u00edba. Em sua disserta\u00e7\u00e3o, Karina Ceci resgatou a trajet\u00f3ria de M\u00e3e Beata e outros<\/p><\/div>\n<div class=\"blog-btn\"><a href=\"https:\/\/www.pedroandretta.info\/index\/2025\/04\/a-reconstrucao-da-trajetoria-de-maria-beatriz-mae-beata-no-contexto-sociocultural-e-religioso-da-paraiba-entrevista-com-karina-ceci-divulga-ci\/\" class=\"home-blog-btn\">Ler mais<\/a><\/p>\n","protected":false},"author":1,"featured_media":0,"comment_status":"open","ping_status":"open","sticky":false,"template":"","format":"standard","meta":{"_jetpack_memberships_contains_paid_content":false,"footnotes":"","jetpack_publicize_message":"","jetpack_publicize_feature_enabled":true,"jetpack_social_post_already_shared":true,"jetpack_social_options":{"image_generator_settings":{"template":"highway","default_image_id":0,"font":"","enabled":false},"version":2}},"categories":[21],"tags":[601,3149],"class_list":["post-30115","post","type-post","status-publish","format-standard","hentry","category-informeci","tag-entrevista","tag-religioesafrobrasileiras"],"jetpack_publicize_connections":[],"jetpack_featured_media_url":"","views":"","jetpack_sharing_enabled":true,"_links":{"self":[{"href":"https:\/\/www.pedroandretta.info\/index\/wp-json\/wp\/v2\/posts\/30115","targetHints":{"allow":["GET"]}}],"collection":[{"href":"https:\/\/www.pedroandretta.info\/index\/wp-json\/wp\/v2\/posts"}],"about":[{"href":"https:\/\/www.pedroandretta.info\/index\/wp-json\/wp\/v2\/types\/post"}],"author":[{"embeddable":true,"href":"https:\/\/www.pedroandretta.info\/index\/wp-json\/wp\/v2\/users\/1"}],"replies":[{"embeddable":true,"href":"https:\/\/www.pedroandretta.info\/index\/wp-json\/wp\/v2\/comments?post=30115"}],"version-history":[{"count":0,"href":"https:\/\/www.pedroandretta.info\/index\/wp-json\/wp\/v2\/posts\/30115\/revisions"}],"wp:attachment":[{"href":"https:\/\/www.pedroandretta.info\/index\/wp-json\/wp\/v2\/media?parent=30115"}],"wp:term":[{"taxonomy":"category","embeddable":true,"href":"https:\/\/www.pedroandretta.info\/index\/wp-json\/wp\/v2\/categories?post=30115"},{"taxonomy":"post_tag","embeddable":true,"href":"https:\/\/www.pedroandretta.info\/index\/wp-json\/wp\/v2\/tags?post=30115"}],"curies":[{"name":"wp","href":"https:\/\/api.w.org\/{rel}","templated":true}]}}