{"id":30118,"date":"2025-04-05T12:18:33","date_gmt":"2025-04-05T16:18:33","guid":{"rendered":"https:\/\/www.pedroandretta.info\/index\/?p=30118"},"modified":"2025-04-04T12:22:04","modified_gmt":"2025-04-04T16:22:04","slug":"biblioteconomia-nao-e-subcampo-e-ciencia-e-pratica-e-historia-jornal-da-usp","status":"publish","type":"post","link":"https:\/\/www.pedroandretta.info\/index\/2025\/04\/biblioteconomia-nao-e-subcampo-e-ciencia-e-pratica-e-historia-jornal-da-usp\/","title":{"rendered":"Biblioteconomia n\u00e3o \u00e9 subcampo: \u00e9 ci\u00eancia, \u00e9 pr\u00e1tica, \u00e9 hist\u00f3ria \/ Jornal da USP"},"content":{"rendered":"\n<p><strong>Biblioteconomia n\u00e3o \u00e9 subcampo: \u00e9 ci\u00eancia, \u00e9 pr\u00e1tica, \u00e9 hist\u00f3ria<\/strong><\/p>\n\n\n\n<p>Nos \u00faltimos anos, temos observado uma tend\u00eancia que, sob o pretexto de moderniza\u00e7\u00e3o, amea\u00e7a a pr\u00f3pria exist\u00eancia simb\u00f3lica da Biblioteconomia. A mudan\u00e7a do nome do curso da USP para Biblioteconomia e Ci\u00eancia da Informa\u00e7\u00e3o, aprovada recentemente pelo Conselho Estadual de Educa\u00e7\u00e3o, a pedido do pr\u00f3prio departamento, apresentada como um avan\u00e7o, carrega consigo um risco silencioso, por\u00e9m profundo: o apagamento gradual da biblioteconomia enquanto campo aut\u00f4nomo, com pr\u00e1ticas, epistemologia e hist\u00f3ria pr\u00f3prias.<\/p>\n\n\n\n<p>#Biblioteconomia<\/p>\n\n\n\n<p>via Jornal da USP<\/p>\n\n\n\n<p>#Biblioteconomia<\/p>\n\n\n\n<p>Dispon\u00edvel em: <a href=\"https:\/\/jornal.usp.br\/artigos\/biblioteconomia-nao-e-subcampo-e-ciencia-e-pratica-e-historia\/\">https:\/\/jornal.usp.br\/artigos\/biblioteconomia-nao-e-subcampo-e-ciencia-e-pratica-e-historia\/<\/a><\/p>\n","protected":false},"excerpt":{"rendered":"<p>Biblioteconomia n\u00e3o \u00e9 subcampo: \u00e9 ci\u00eancia, \u00e9 pr\u00e1tica, \u00e9 hist\u00f3ria Nos \u00faltimos anos, temos observado uma tend\u00eancia que, sob o pretexto de moderniza\u00e7\u00e3o, amea\u00e7a a pr\u00f3pria exist\u00eancia simb\u00f3lica da Biblioteconomia. A mudan\u00e7a do nome do curso da USP para Biblioteconomia e Ci\u00eancia da Informa\u00e7\u00e3o, aprovada recentemente pelo Conselho Estadual de Educa\u00e7\u00e3o, a pedido do pr\u00f3prio<\/p><\/div>\n<div class=\"blog-btn\"><a href=\"https:\/\/www.pedroandretta.info\/index\/2025\/04\/biblioteconomia-nao-e-subcampo-e-ciencia-e-pratica-e-historia-jornal-da-usp\/\" class=\"home-blog-btn\">Ler mais<\/a><\/p>\n","protected":false},"author":1,"featured_media":0,"comment_status":"open","ping_status":"open","sticky":false,"template":"","format":"standard","meta":{"_jetpack_memberships_contains_paid_content":false,"footnotes":"","jetpack_publicize_message":"","jetpack_publicize_feature_enabled":true,"jetpack_social_post_already_shared":true,"jetpack_social_options":{"image_generator_settings":{"template":"highway","default_image_id":0,"font":"","enabled":false},"version":2}},"categories":[21],"tags":[33,615],"class_list":["post-30118","post","type-post","status-publish","format-standard","hentry","category-informeci","tag-biblioteconomia","tag-fundamentosdebiblioteconomia"],"jetpack_publicize_connections":[],"jetpack_featured_media_url":"","views":"","jetpack_sharing_enabled":true,"_links":{"self":[{"href":"https:\/\/www.pedroandretta.info\/index\/wp-json\/wp\/v2\/posts\/30118","targetHints":{"allow":["GET"]}}],"collection":[{"href":"https:\/\/www.pedroandretta.info\/index\/wp-json\/wp\/v2\/posts"}],"about":[{"href":"https:\/\/www.pedroandretta.info\/index\/wp-json\/wp\/v2\/types\/post"}],"author":[{"embeddable":true,"href":"https:\/\/www.pedroandretta.info\/index\/wp-json\/wp\/v2\/users\/1"}],"replies":[{"embeddable":true,"href":"https:\/\/www.pedroandretta.info\/index\/wp-json\/wp\/v2\/comments?post=30118"}],"version-history":[{"count":0,"href":"https:\/\/www.pedroandretta.info\/index\/wp-json\/wp\/v2\/posts\/30118\/revisions"}],"wp:attachment":[{"href":"https:\/\/www.pedroandretta.info\/index\/wp-json\/wp\/v2\/media?parent=30118"}],"wp:term":[{"taxonomy":"category","embeddable":true,"href":"https:\/\/www.pedroandretta.info\/index\/wp-json\/wp\/v2\/categories?post=30118"},{"taxonomy":"post_tag","embeddable":true,"href":"https:\/\/www.pedroandretta.info\/index\/wp-json\/wp\/v2\/tags?post=30118"}],"curies":[{"name":"wp","href":"https:\/\/api.w.org\/{rel}","templated":true}]}}