{"id":30122,"date":"2025-07-04T20:23:00","date_gmt":"2025-07-05T00:23:00","guid":{"rendered":"https:\/\/www.pedroandretta.info\/index\/?p=30122"},"modified":"2025-04-04T20:26:16","modified_gmt":"2025-04-05T00:26:16","slug":"guia-sobre-o-uso-da-inteligencia-artificial-na-educacao-ministerio-de-educacion-formacion-profesional-y-deportes-espanha","status":"publish","type":"post","link":"https:\/\/www.pedroandretta.info\/index\/2025\/07\/guia-sobre-o-uso-da-inteligencia-artificial-na-educacao-ministerio-de-educacion-formacion-profesional-y-deportes-espanha\/","title":{"rendered":"Guia sobre o uso da intelig\u00eancia artificial na educa\u00e7\u00e3o \/ Ministerio de Educaci\u00f3n, Formaci\u00f3n Profesional y Deportes &#8211; Espanha"},"content":{"rendered":"\n<p>O guia come\u00e7a contextualizando a IA, explicando seu impacto na vida cotidiana e sua relev\u00e2ncia na educa\u00e7\u00e3o. Ele analisa suas aplica\u00e7\u00f5es em tr\u00eas perfis: alunos, professores e administra\u00e7\u00e3o, detalhando desafios, estrat\u00e9gias e exemplos pr\u00e1ticos. Ele tamb\u00e9m aborda o impacto \u00e9tico da IA, destacando quest\u00f5es como vi\u00e9s algor\u00edtmico e deepfakes, e apresenta uma diretriz de dez pontos para seu uso respons\u00e1vel.<\/p>\n\n\n\n<p>#Educa\u00e7\u00e3o #IA #Guias<\/p>\n\n\n\n<p>Dispon\u00edvel em: <a href=\"https:\/\/code.intef.es\/wp-content\/uploads\/2024\/07\/Gu%C3%ADa-sobre-el-uso-de-la-IA-en-el-%C3%A1mbito-educativo-INTEF_2024.pdf\">https:\/\/code.intef.es\/wp-content\/uploads\/2024\/07\/Gu%C3%ADa-sobre-el-uso-de-la-IA-en-el-%C3%A1mbito-educativo-INTEF_2024.pdf<\/a><\/p>\n\n\n\n<figure class=\"wp-block-image size-large\"><img data-recalc-dims=\"1\" decoding=\"async\" width=\"409\" height=\"600\" src=\"https:\/\/i0.wp.com\/www.pedroandretta.info\/index\/wp-content\/uploads\/2025\/04\/image-56.png?resize=409%2C600&#038;ssl=1\" alt=\"\" class=\"wp-image-30123\" srcset=\"https:\/\/i0.wp.com\/www.pedroandretta.info\/index\/wp-content\/uploads\/2025\/04\/image-56.png?resize=409%2C600&amp;ssl=1 409w, https:\/\/i0.wp.com\/www.pedroandretta.info\/index\/wp-content\/uploads\/2025\/04\/image-56.png?resize=205%2C300&amp;ssl=1 205w, https:\/\/i0.wp.com\/www.pedroandretta.info\/index\/wp-content\/uploads\/2025\/04\/image-56.png?w=495&amp;ssl=1 495w\" sizes=\"(max-width: 409px) 100vw, 409px\" \/><\/figure>\n","protected":false},"excerpt":{"rendered":"<p>O guia come\u00e7a contextualizando a IA, explicando seu impacto na vida cotidiana e sua relev\u00e2ncia na educa\u00e7\u00e3o. Ele analisa suas aplica\u00e7\u00f5es em tr\u00eas perfis: alunos, professores e administra\u00e7\u00e3o, detalhando desafios, estrat\u00e9gias e exemplos pr\u00e1ticos. Ele tamb\u00e9m aborda o impacto \u00e9tico da IA, destacando quest\u00f5es como vi\u00e9s algor\u00edtmico e deepfakes, e apresenta uma diretriz de dez<\/p><\/div>\n<div class=\"blog-btn\"><a href=\"https:\/\/www.pedroandretta.info\/index\/2025\/07\/guia-sobre-o-uso-da-inteligencia-artificial-na-educacao-ministerio-de-educacion-formacion-profesional-y-deportes-espanha\/\" class=\"home-blog-btn\">Ler mais<\/a><\/p>\n","protected":false},"author":1,"featured_media":0,"comment_status":"open","ping_status":"open","sticky":false,"template":"","format":"standard","meta":{"_jetpack_memberships_contains_paid_content":false,"footnotes":"","jetpack_publicize_message":"","jetpack_publicize_feature_enabled":true,"jetpack_social_post_already_shared":true,"jetpack_social_options":{"image_generator_settings":{"template":"highway","default_image_id":0,"font":"","enabled":false},"version":2}},"categories":[21],"tags":[45,2206,1994],"class_list":["post-30122","post","type-post","status-publish","format-standard","hentry","category-informeci","tag-educacao","tag-guias","tag-inteligenciaartificial"],"jetpack_publicize_connections":[],"jetpack_featured_media_url":"","views":"","jetpack_sharing_enabled":true,"_links":{"self":[{"href":"https:\/\/www.pedroandretta.info\/index\/wp-json\/wp\/v2\/posts\/30122","targetHints":{"allow":["GET"]}}],"collection":[{"href":"https:\/\/www.pedroandretta.info\/index\/wp-json\/wp\/v2\/posts"}],"about":[{"href":"https:\/\/www.pedroandretta.info\/index\/wp-json\/wp\/v2\/types\/post"}],"author":[{"embeddable":true,"href":"https:\/\/www.pedroandretta.info\/index\/wp-json\/wp\/v2\/users\/1"}],"replies":[{"embeddable":true,"href":"https:\/\/www.pedroandretta.info\/index\/wp-json\/wp\/v2\/comments?post=30122"}],"version-history":[{"count":0,"href":"https:\/\/www.pedroandretta.info\/index\/wp-json\/wp\/v2\/posts\/30122\/revisions"}],"wp:attachment":[{"href":"https:\/\/www.pedroandretta.info\/index\/wp-json\/wp\/v2\/media?parent=30122"}],"wp:term":[{"taxonomy":"category","embeddable":true,"href":"https:\/\/www.pedroandretta.info\/index\/wp-json\/wp\/v2\/categories?post=30122"},{"taxonomy":"post_tag","embeddable":true,"href":"https:\/\/www.pedroandretta.info\/index\/wp-json\/wp\/v2\/tags?post=30122"}],"curies":[{"name":"wp","href":"https:\/\/api.w.org\/{rel}","templated":true}]}}