{"id":30137,"date":"2025-04-06T13:27:10","date_gmt":"2025-04-06T17:27:10","guid":{"rendered":"https:\/\/www.pedroandretta.info\/index\/?p=30137"},"modified":"2025-04-06T13:27:13","modified_gmt":"2025-04-06T17:27:13","slug":"violencia-escolar-aumenta-nos-ultimos-10-anos-no-brasil-pesquisa-fapesp","status":"publish","type":"post","link":"https:\/\/www.pedroandretta.info\/index\/2025\/04\/violencia-escolar-aumenta-nos-ultimos-10-anos-no-brasil-pesquisa-fapesp\/","title":{"rendered":"Viol\u00eancia escolar aumenta nos \u00faltimos 10 anos no Brasil \/ Pesquisa Fapesp"},"content":{"rendered":"\n<p><strong>Viol\u00eancia escolar aumenta nos \u00faltimos 10 anos no Brasil<\/strong><\/p>\n\n\n\n<p>O Minist\u00e9rio da Educa\u00e7\u00e3o (MEC) reconhece quatro tipos de viol\u00eancia que afetam a comunidade escolar. O primeiro refere-se \u00e0s agress\u00f5es extremas, com ataques premeditados e letais; o segundo abarca situa\u00e7\u00f5es de viol\u00eancia interpessoal, envolvendo hostilidades e discrimina\u00e7\u00e3o entre alunos e professores; e o\u00a0<em>bullying<\/em>, quando ocorrem intimida\u00e7\u00f5es f\u00edsicas, verbais ou psicol\u00f3gicas repetitivas. H\u00e1, ainda, a viol\u00eancia institucional, que engloba pr\u00e1ticas excludentes por parte da escola, por exemplo, quando o material did\u00e1tico utilizado em sala de aula desconsidera quest\u00f5es de diversidade racial e de g\u00eanero.<\/p>\n\n\n\n<p>#Educa\u00e7\u00e3o #Escola #Viol\u00eanciaEscolar<\/p>\n\n\n\n<p>via Pesquisa Fapesp<\/p>\n\n\n\n<p>Dispon\u00edvel em: <a href=\"https:\/\/revistapesquisa.fapesp.br\/violencia-escolar-aumenta-nos-ultimos-10-anos-no-brasil\">https:\/\/revistapesquisa.fapesp.br\/violencia-escolar-aumenta-nos-ultimos-10-anos-no-brasil<\/a><\/p>\n\n\n\n<figure class=\"wp-block-image size-large\"><img data-recalc-dims=\"1\" decoding=\"async\" width=\"600\" height=\"247\" src=\"https:\/\/i0.wp.com\/www.pedroandretta.info\/index\/wp-content\/uploads\/2025\/04\/image-59.png?resize=600%2C247&#038;ssl=1\" alt=\"\" class=\"wp-image-30138\" srcset=\"https:\/\/i0.wp.com\/www.pedroandretta.info\/index\/wp-content\/uploads\/2025\/04\/image-59.png?resize=600%2C247&amp;ssl=1 600w, https:\/\/i0.wp.com\/www.pedroandretta.info\/index\/wp-content\/uploads\/2025\/04\/image-59.png?resize=300%2C123&amp;ssl=1 300w, https:\/\/i0.wp.com\/www.pedroandretta.info\/index\/wp-content\/uploads\/2025\/04\/image-59.png?resize=768%2C316&amp;ssl=1 768w, https:\/\/i0.wp.com\/www.pedroandretta.info\/index\/wp-content\/uploads\/2025\/04\/image-59.png?w=1321&amp;ssl=1 1321w\" sizes=\"(max-width: 600px) 100vw, 600px\" \/><\/figure>\n","protected":false},"excerpt":{"rendered":"<p>Viol\u00eancia escolar aumenta nos \u00faltimos 10 anos no Brasil O Minist\u00e9rio da Educa\u00e7\u00e3o (MEC) reconhece quatro tipos de viol\u00eancia que afetam a comunidade escolar. O primeiro refere-se \u00e0s agress\u00f5es extremas, com ataques premeditados e letais; o segundo abarca situa\u00e7\u00f5es de viol\u00eancia interpessoal, envolvendo hostilidades e discrimina\u00e7\u00e3o entre alunos e professores; e o\u00a0bullying, quando ocorrem intimida\u00e7\u00f5es<\/p><\/div>\n<div class=\"blog-btn\"><a href=\"https:\/\/www.pedroandretta.info\/index\/2025\/04\/violencia-escolar-aumenta-nos-ultimos-10-anos-no-brasil-pesquisa-fapesp\/\" class=\"home-blog-btn\">Ler mais<\/a><\/p>\n","protected":false},"author":1,"featured_media":0,"comment_status":"open","ping_status":"open","sticky":false,"template":"","format":"standard","meta":{"_jetpack_newsletter_access":"","_jetpack_dont_email_post_to_subs":false,"_jetpack_newsletter_tier_id":0,"_jetpack_memberships_contains_paywalled_content":false,"_jetpack_feature_clip_id":0,"_jetpack_memberships_contains_paid_content":false,"footnotes":"","jetpack_publicize_message":"","jetpack_publicize_feature_enabled":true,"jetpack_social_post_already_shared":true,"jetpack_social_options":{"image_generator_settings":{"template":"highway","default_image_id":0,"font":"","enabled":false},"version":2},"jetpack_post_was_ever_published":false},"categories":[21],"tags":[45,81,3881],"class_list":["post-30137","post","type-post","status-publish","format-standard","hentry","category-informeci","tag-educacao","tag-escolas","tag-violenciaescolar"],"jetpack_publicize_connections":[],"jetpack_featured_media_url":"","views":"","jetpack_sharing_enabled":true,"_links":{"self":[{"href":"https:\/\/www.pedroandretta.info\/index\/wp-json\/wp\/v2\/posts\/30137","targetHints":{"allow":["GET"]}}],"collection":[{"href":"https:\/\/www.pedroandretta.info\/index\/wp-json\/wp\/v2\/posts"}],"about":[{"href":"https:\/\/www.pedroandretta.info\/index\/wp-json\/wp\/v2\/types\/post"}],"author":[{"embeddable":true,"href":"https:\/\/www.pedroandretta.info\/index\/wp-json\/wp\/v2\/users\/1"}],"replies":[{"embeddable":true,"href":"https:\/\/www.pedroandretta.info\/index\/wp-json\/wp\/v2\/comments?post=30137"}],"version-history":[{"count":0,"href":"https:\/\/www.pedroandretta.info\/index\/wp-json\/wp\/v2\/posts\/30137\/revisions"}],"wp:attachment":[{"href":"https:\/\/www.pedroandretta.info\/index\/wp-json\/wp\/v2\/media?parent=30137"}],"wp:term":[{"taxonomy":"category","embeddable":true,"href":"https:\/\/www.pedroandretta.info\/index\/wp-json\/wp\/v2\/categories?post=30137"},{"taxonomy":"post_tag","embeddable":true,"href":"https:\/\/www.pedroandretta.info\/index\/wp-json\/wp\/v2\/tags?post=30137"}],"curies":[{"name":"wp","href":"https:\/\/api.w.org\/{rel}","templated":true}]}}