{"id":30158,"date":"2025-04-06T22:05:06","date_gmt":"2025-04-07T02:05:06","guid":{"rendered":"https:\/\/www.pedroandretta.info\/index\/?p=30158"},"modified":"2025-04-06T22:05:10","modified_gmt":"2025-04-07T02:05:10","slug":"desigualdade-de-genero-na-ciencia-francisco-foz","status":"publish","type":"post","link":"https:\/\/www.pedroandretta.info\/index\/2025\/04\/desigualdade-de-genero-na-ciencia-francisco-foz\/","title":{"rendered":"Desigualdade de g\u00eanero na ci\u00eancia \/ Francisco Foz"},"content":{"rendered":"\n<p><strong>Desigualdade de g\u00eanero na ci\u00eancia<\/strong><\/p>\n\n\n\n<p>Mais do que uma publica\u00e7\u00e3o, essa experi\u00eancia foi uma viv\u00eancia transformadora. Aprofundei meus conhecimentos sobre desigualdade de g\u00eanero, mergulhei na cientometria, exercitei a escrita cient\u00edfica \u2014 mas, acima de tudo, aprendi sobre colabora\u00e7\u00e3o, escuta ativa e o compromisso genu\u00edno com a transforma\u00e7\u00e3o social por meio da ci\u00eancia.<\/p>\n\n\n\n<p>#MulheresNaCi\u00eancia <\/p>\n\n\n\n<p>via Francisco Foz<\/p>\n\n\n\n<p>Dispon\u00edvel em: <a href=\"https:\/\/franciscofoz.medium.com\/desigualdade-de-g%C3%AAnero-na-ci%C3%AAncia-meu-primeiro-artigo-internacional-065ee95e64b1\">https:\/\/franciscofoz.medium.com\/desigualdade-de-g%C3%AAnero-na-ci%C3%AAncia-meu-primeiro-artigo-internacional-065ee95e64b1<\/a><\/p>\n\n\n\n<figure class=\"wp-block-image size-large\"><img data-recalc-dims=\"1\" decoding=\"async\" width=\"405\" height=\"600\" src=\"https:\/\/i0.wp.com\/www.pedroandretta.info\/index\/wp-content\/uploads\/2025\/04\/image-66.png?resize=405%2C600&#038;ssl=1\" alt=\"\" class=\"wp-image-30159\" srcset=\"https:\/\/i0.wp.com\/www.pedroandretta.info\/index\/wp-content\/uploads\/2025\/04\/image-66.png?resize=405%2C600&amp;ssl=1 405w, https:\/\/i0.wp.com\/www.pedroandretta.info\/index\/wp-content\/uploads\/2025\/04\/image-66.png?resize=202%2C300&amp;ssl=1 202w, https:\/\/i0.wp.com\/www.pedroandretta.info\/index\/wp-content\/uploads\/2025\/04\/image-66.png?w=492&amp;ssl=1 492w\" sizes=\"(max-width: 405px) 100vw, 405px\" \/><\/figure>\n","protected":false},"excerpt":{"rendered":"<p>Desigualdade de g\u00eanero na ci\u00eancia Mais do que uma publica\u00e7\u00e3o, essa experi\u00eancia foi uma viv\u00eancia transformadora. Aprofundei meus conhecimentos sobre desigualdade de g\u00eanero, mergulhei na cientometria, exercitei a escrita cient\u00edfica \u2014 mas, acima de tudo, aprendi sobre colabora\u00e7\u00e3o, escuta ativa e o compromisso genu\u00edno com a transforma\u00e7\u00e3o social por meio da ci\u00eancia. #MulheresNaCi\u00eancia via Francisco<\/p><\/div>\n<div class=\"blog-btn\"><a href=\"https:\/\/www.pedroandretta.info\/index\/2025\/04\/desigualdade-de-genero-na-ciencia-francisco-foz\/\" class=\"home-blog-btn\">Ler mais<\/a><\/p>\n","protected":false},"author":1,"featured_media":0,"comment_status":"open","ping_status":"open","sticky":false,"template":"","format":"standard","meta":{"_jetpack_memberships_contains_paid_content":false,"footnotes":"","jetpack_publicize_message":"","jetpack_publicize_feature_enabled":true,"jetpack_social_post_already_shared":true,"jetpack_social_options":{"image_generator_settings":{"template":"highway","default_image_id":0,"font":"","enabled":false},"version":2}},"categories":[21],"tags":[349,1689],"class_list":["post-30158","post","type-post","status-publish","format-standard","hentry","category-informeci","tag-desigualdade","tag-mulheresnaciencia"],"jetpack_publicize_connections":[],"jetpack_featured_media_url":"","views":"","jetpack_sharing_enabled":true,"_links":{"self":[{"href":"https:\/\/www.pedroandretta.info\/index\/wp-json\/wp\/v2\/posts\/30158","targetHints":{"allow":["GET"]}}],"collection":[{"href":"https:\/\/www.pedroandretta.info\/index\/wp-json\/wp\/v2\/posts"}],"about":[{"href":"https:\/\/www.pedroandretta.info\/index\/wp-json\/wp\/v2\/types\/post"}],"author":[{"embeddable":true,"href":"https:\/\/www.pedroandretta.info\/index\/wp-json\/wp\/v2\/users\/1"}],"replies":[{"embeddable":true,"href":"https:\/\/www.pedroandretta.info\/index\/wp-json\/wp\/v2\/comments?post=30158"}],"version-history":[{"count":0,"href":"https:\/\/www.pedroandretta.info\/index\/wp-json\/wp\/v2\/posts\/30158\/revisions"}],"wp:attachment":[{"href":"https:\/\/www.pedroandretta.info\/index\/wp-json\/wp\/v2\/media?parent=30158"}],"wp:term":[{"taxonomy":"category","embeddable":true,"href":"https:\/\/www.pedroandretta.info\/index\/wp-json\/wp\/v2\/categories?post=30158"},{"taxonomy":"post_tag","embeddable":true,"href":"https:\/\/www.pedroandretta.info\/index\/wp-json\/wp\/v2\/tags?post=30158"}],"curies":[{"name":"wp","href":"https:\/\/api.w.org\/{rel}","templated":true}]}}