{"id":30169,"date":"2025-04-07T08:14:11","date_gmt":"2025-04-07T12:14:11","guid":{"rendered":"https:\/\/www.pedroandretta.info\/index\/?p=30169"},"modified":"2025-04-07T08:14:15","modified_gmt":"2025-04-07T12:14:15","slug":"declaracao-da-ifla-sobre-os-principios-fundamentais-sobre-bibliotecas-e-direitos-autorais-ifla","status":"publish","type":"post","link":"https:\/\/www.pedroandretta.info\/index\/2025\/04\/declaracao-da-ifla-sobre-os-principios-fundamentais-sobre-bibliotecas-e-direitos-autorais-ifla\/","title":{"rendered":"Declara\u00e7\u00e3o da IFLA sobre os princ\u00edpios fundamentais sobre bibliotecas e direitos autorais \/ IFLA"},"content":{"rendered":"\n<p><strong>Declara\u00e7\u00e3o da IFLA sobre os princ\u00edpios fundamentais sobre bibliotecas e direitos autorais<\/strong><\/p>\n\n\n\n<p>Esta declara\u00e7\u00e3o enquadra o trabalho da IFLA sobre direitos autorais, e em particular o do Comit\u00ea Consultivo sobre Direitos Autorais e outros Assuntos Legais. Ela complementa os materiais e trabalhos existentes da IFLA relacionados a direitos autorais, n\u00e3o menos importante no que diz respeito ao Acesso Aberto e acesso para pessoas com defici\u00eancias visual, bem como declara\u00e7\u00f5es da IFLA sobre outras quest\u00f5es, como liberdade de acesso \u00e0 informa\u00e7\u00e3o e liberdade de express\u00e3o.<\/p>\n\n\n\n<p>#DireitosAutorais #IFLA<\/p>\n\n\n\n<p>via IFLA<\/p>\n\n\n\n<p>Dispon\u00edvel em: <a href=\"https:\/\/repository.ifla.org\/items\/2a10254a-ba26-4e9b-9f95-9ca685200eed\">https:\/\/repository.ifla.org\/items\/2a10254a-ba26-4e9b-9f95-9ca685200eed<\/a><\/p>\n\n\n\n<figure class=\"wp-block-image size-large\"><img data-recalc-dims=\"1\" decoding=\"async\" width=\"451\" height=\"600\" src=\"https:\/\/i0.wp.com\/www.pedroandretta.info\/index\/wp-content\/uploads\/2025\/04\/image-69.png?resize=451%2C600&#038;ssl=1\" alt=\"\" class=\"wp-image-30170\" srcset=\"https:\/\/i0.wp.com\/www.pedroandretta.info\/index\/wp-content\/uploads\/2025\/04\/image-69.png?resize=451%2C600&amp;ssl=1 451w, https:\/\/i0.wp.com\/www.pedroandretta.info\/index\/wp-content\/uploads\/2025\/04\/image-69.png?resize=225%2C300&amp;ssl=1 225w, https:\/\/i0.wp.com\/www.pedroandretta.info\/index\/wp-content\/uploads\/2025\/04\/image-69.png?w=553&amp;ssl=1 553w\" sizes=\"(max-width: 451px) 100vw, 451px\" \/><\/figure>\n","protected":false},"excerpt":{"rendered":"<p>Declara\u00e7\u00e3o da IFLA sobre os princ\u00edpios fundamentais sobre bibliotecas e direitos autorais Esta declara\u00e7\u00e3o enquadra o trabalho da IFLA sobre direitos autorais, e em particular o do Comit\u00ea Consultivo sobre Direitos Autorais e outros Assuntos Legais. Ela complementa os materiais e trabalhos existentes da IFLA relacionados a direitos autorais, n\u00e3o menos importante no que diz<\/p><\/div>\n<div class=\"blog-btn\"><a href=\"https:\/\/www.pedroandretta.info\/index\/2025\/04\/declaracao-da-ifla-sobre-os-principios-fundamentais-sobre-bibliotecas-e-direitos-autorais-ifla\/\" class=\"home-blog-btn\">Ler mais<\/a><\/p>\n","protected":false},"author":1,"featured_media":0,"comment_status":"open","ping_status":"open","sticky":false,"template":"","format":"standard","meta":{"_jetpack_memberships_contains_paid_content":false,"footnotes":"","jetpack_publicize_message":"","jetpack_publicize_feature_enabled":true,"jetpack_social_post_already_shared":true,"jetpack_social_options":{"image_generator_settings":{"template":"highway","default_image_id":0,"font":"","enabled":false},"version":2}},"categories":[21],"tags":[301,344],"class_list":["post-30169","post","type-post","status-publish","format-standard","hentry","category-informeci","tag-direitosautorais","tag-ifla"],"jetpack_publicize_connections":[],"jetpack_featured_media_url":"","views":"","jetpack_sharing_enabled":true,"_links":{"self":[{"href":"https:\/\/www.pedroandretta.info\/index\/wp-json\/wp\/v2\/posts\/30169","targetHints":{"allow":["GET"]}}],"collection":[{"href":"https:\/\/www.pedroandretta.info\/index\/wp-json\/wp\/v2\/posts"}],"about":[{"href":"https:\/\/www.pedroandretta.info\/index\/wp-json\/wp\/v2\/types\/post"}],"author":[{"embeddable":true,"href":"https:\/\/www.pedroandretta.info\/index\/wp-json\/wp\/v2\/users\/1"}],"replies":[{"embeddable":true,"href":"https:\/\/www.pedroandretta.info\/index\/wp-json\/wp\/v2\/comments?post=30169"}],"version-history":[{"count":0,"href":"https:\/\/www.pedroandretta.info\/index\/wp-json\/wp\/v2\/posts\/30169\/revisions"}],"wp:attachment":[{"href":"https:\/\/www.pedroandretta.info\/index\/wp-json\/wp\/v2\/media?parent=30169"}],"wp:term":[{"taxonomy":"category","embeddable":true,"href":"https:\/\/www.pedroandretta.info\/index\/wp-json\/wp\/v2\/categories?post=30169"},{"taxonomy":"post_tag","embeddable":true,"href":"https:\/\/www.pedroandretta.info\/index\/wp-json\/wp\/v2\/tags?post=30169"}],"curies":[{"name":"wp","href":"https:\/\/api.w.org\/{rel}","templated":true}]}}