{"id":30211,"date":"2025-04-09T14:51:03","date_gmt":"2025-04-09T18:51:03","guid":{"rendered":"https:\/\/www.pedroandretta.info\/index\/?p=30211"},"modified":"2025-04-09T14:51:07","modified_gmt":"2025-04-09T18:51:07","slug":"quantos-cvs-lattes-foram-esquecidos-pelos-seus-autores-jesus-p-mena-chalco","status":"publish","type":"post","link":"https:\/\/www.pedroandretta.info\/index\/2025\/04\/quantos-cvs-lattes-foram-esquecidos-pelos-seus-autores-jesus-p-mena-chalco\/","title":{"rendered":"Quantos CVs Lattes foram esquecidos pelos seus autores? \/ Jes\u00fas P. Mena-Chalco"},"content":{"rendered":"\n<p><strong>Quantos CVs Lattes foram esquecidos pelos seus autores?<\/strong><\/p>\n\n\n\n<ul class=\"wp-block-list\">\n<li>CVs de Doutores s\u00e3o os mais atualizados, com apenas 19% em estado de esquecimento.<\/li>\n\n\n\n<li>Entre Mestres e Especialistas (e.g. MBA), os \u00edndices variam de 30% a 38%.<\/li>\n\n\n\n<li>J\u00e1 entre Graduados e pessoas sem titula\u00e7\u00e3o (e.g. col\u00e9gio), mais de 50% dos CVs n\u00e3o recebe atualiza\u00e7\u00f5es h\u00e1 mais de cinco anos.<\/li>\n<\/ul>\n\n\n\n<p>#Curr\u00edculoLattes<\/p>\n\n\n\n<p>via Jes\u00fas P. Mena-Chalco<\/p>\n\n\n\n<p>Dispon\u00edvel em: <a href=\"https:\/\/www.linkedin.com\/pulse\/quantos-cvs-lattes-foram-esquecidos-pelos-seus-jes%C3%BAs-p-mena-chalco-vts4f\/\">https:\/\/www.linkedin.com\/pulse\/quantos-cvs-lattes-foram-esquecidos-pelos-seus-jes%C3%BAs-p-mena-chalco-vts4f\/<\/a><\/p>\n\n\n\n<figure class=\"wp-block-image size-large\"><img data-recalc-dims=\"1\" decoding=\"async\" width=\"600\" height=\"412\" src=\"https:\/\/i0.wp.com\/www.pedroandretta.info\/index\/wp-content\/uploads\/2025\/04\/image-79.png?resize=600%2C412&#038;ssl=1\" alt=\"\" class=\"wp-image-30212\" srcset=\"https:\/\/i0.wp.com\/www.pedroandretta.info\/index\/wp-content\/uploads\/2025\/04\/image-79.png?resize=600%2C412&amp;ssl=1 600w, https:\/\/i0.wp.com\/www.pedroandretta.info\/index\/wp-content\/uploads\/2025\/04\/image-79.png?resize=300%2C206&amp;ssl=1 300w, https:\/\/i0.wp.com\/www.pedroandretta.info\/index\/wp-content\/uploads\/2025\/04\/image-79.png?resize=768%2C527&amp;ssl=1 768w, https:\/\/i0.wp.com\/www.pedroandretta.info\/index\/wp-content\/uploads\/2025\/04\/image-79.png?w=889&amp;ssl=1 889w\" sizes=\"(max-width: 600px) 100vw, 600px\" \/><\/figure>\n","protected":false},"excerpt":{"rendered":"<p>Quantos CVs Lattes foram esquecidos pelos seus autores? #Curr\u00edculoLattes via Jes\u00fas P. Mena-Chalco Dispon\u00edvel em: https:\/\/www.linkedin.com\/pulse\/quantos-cvs-lattes-foram-esquecidos-pelos-seus-jes%C3%BAs-p-mena-chalco-vts4f\/<\/p>\n","protected":false},"author":1,"featured_media":0,"comment_status":"open","ping_status":"open","sticky":false,"template":"","format":"standard","meta":{"_jetpack_memberships_contains_paid_content":false,"footnotes":"","jetpack_publicize_message":"","jetpack_publicize_feature_enabled":true,"jetpack_social_post_already_shared":true,"jetpack_social_options":{"image_generator_settings":{"template":"highway","default_image_id":0,"font":"","enabled":false},"version":2}},"categories":[21],"tags":[3876],"class_list":["post-30211","post","type-post","status-publish","format-standard","hentry","category-informeci","tag-curriculolattes"],"jetpack_publicize_connections":[],"jetpack_featured_media_url":"","views":"","jetpack_sharing_enabled":true,"_links":{"self":[{"href":"https:\/\/www.pedroandretta.info\/index\/wp-json\/wp\/v2\/posts\/30211","targetHints":{"allow":["GET"]}}],"collection":[{"href":"https:\/\/www.pedroandretta.info\/index\/wp-json\/wp\/v2\/posts"}],"about":[{"href":"https:\/\/www.pedroandretta.info\/index\/wp-json\/wp\/v2\/types\/post"}],"author":[{"embeddable":true,"href":"https:\/\/www.pedroandretta.info\/index\/wp-json\/wp\/v2\/users\/1"}],"replies":[{"embeddable":true,"href":"https:\/\/www.pedroandretta.info\/index\/wp-json\/wp\/v2\/comments?post=30211"}],"version-history":[{"count":0,"href":"https:\/\/www.pedroandretta.info\/index\/wp-json\/wp\/v2\/posts\/30211\/revisions"}],"wp:attachment":[{"href":"https:\/\/www.pedroandretta.info\/index\/wp-json\/wp\/v2\/media?parent=30211"}],"wp:term":[{"taxonomy":"category","embeddable":true,"href":"https:\/\/www.pedroandretta.info\/index\/wp-json\/wp\/v2\/categories?post=30211"},{"taxonomy":"post_tag","embeddable":true,"href":"https:\/\/www.pedroandretta.info\/index\/wp-json\/wp\/v2\/tags?post=30211"}],"curies":[{"name":"wp","href":"https:\/\/api.w.org\/{rel}","templated":true}]}}