{"id":30302,"date":"2025-04-16T12:10:24","date_gmt":"2025-04-16T16:10:24","guid":{"rendered":"https:\/\/www.pedroandretta.info\/index\/?p=30302"},"modified":"2025-04-16T12:10:41","modified_gmt":"2025-04-16T16:10:41","slug":"apesar-de-avancos-conclusao-de-curso-no-ensino-superior-ainda-e-baixa-jornal-da-usp","status":"publish","type":"post","link":"https:\/\/www.pedroandretta.info\/index\/2025\/04\/apesar-de-avancos-conclusao-de-curso-no-ensino-superior-ainda-e-baixa-jornal-da-usp\/","title":{"rendered":"Apesar de avan\u00e7os, conclus\u00e3o de curso no ensino superior ainda \u00e9 baixa \/ Jornal da USP"},"content":{"rendered":"\n<p><strong>Apesar de avan\u00e7os, conclus\u00e3o de curso no ensino superior ainda \u00e9 baixa<\/strong><\/p>\n\n\n\n<p>O jovem de hoje quer uma universidade que seja muito mais din\u00e2mica e atrativa, afirma o professor. \u201cA universidade vai precisar ser repensada do ponto de vista desse novo cen\u00e1rio do mundo do trabalho e tamb\u00e9m olhar para o que o mundo do trabalho est\u00e1 exigindo hoje desses alunos que saem da universidade.\u201d<\/p>\n\n\n\n<p>Apesar das universidades p\u00fablicas estarem medindo esfor\u00e7os para ampliar o acesso dos estudantes de baixa renda, por meio do sistema de cotas, por exemplo, ainda existem muitos desafios, afirma o professor. \u201cAs universidades federais est\u00e3o enfrentando com muita dificuldade a quest\u00e3o das verbas discricion\u00e1rias para manuten\u00e7\u00e3o da universidade, esses recursos est\u00e3o cada vez mais limitados ou j\u00e1 se esgotaram nos seus or\u00e7amentos.\u201d<\/p>\n\n\n\n<p>#EnsinoSuperior<\/p>\n\n\n\n<p>via Jornal da USP<\/p>\n\n\n\n<p>Dispon\u00edvel em: <a href=\"https:\/\/jornal.usp.br\/campus-ribeirao-preto\/apesar-de-avancos-conclusao-de-curso-no-ensino-superior-ainda-e-baixa\/\">https:\/\/jornal.usp.br\/campus-ribeirao-preto\/apesar-de-avancos-conclusao-de-curso-no-ensino-superior-ainda-e-baixa\/<\/a><\/p>\n","protected":false},"excerpt":{"rendered":"<p>Apesar de avan\u00e7os, conclus\u00e3o de curso no ensino superior ainda \u00e9 baixa O jovem de hoje quer uma universidade que seja muito mais din\u00e2mica e atrativa, afirma o professor. \u201cA universidade vai precisar ser repensada do ponto de vista desse novo cen\u00e1rio do mundo do trabalho e tamb\u00e9m olhar para o que o mundo do<\/p><\/div>\n<div class=\"blog-btn\"><a href=\"https:\/\/www.pedroandretta.info\/index\/2025\/04\/apesar-de-avancos-conclusao-de-curso-no-ensino-superior-ainda-e-baixa-jornal-da-usp\/\" class=\"home-blog-btn\">Ler mais<\/a><\/p>\n","protected":false},"author":1,"featured_media":0,"comment_status":"open","ping_status":"open","sticky":false,"template":"","format":"standard","meta":{"_jetpack_memberships_contains_paid_content":false,"footnotes":"","jetpack_publicize_message":"","jetpack_publicize_feature_enabled":true,"jetpack_social_post_already_shared":true,"jetpack_social_options":{"image_generator_settings":{"template":"highway","default_image_id":0,"font":"","enabled":false},"version":2}},"categories":[21],"tags":[888],"class_list":["post-30302","post","type-post","status-publish","format-standard","hentry","category-informeci","tag-ensinosuperior"],"jetpack_publicize_connections":[],"jetpack_featured_media_url":"","views":"","jetpack_sharing_enabled":true,"_links":{"self":[{"href":"https:\/\/www.pedroandretta.info\/index\/wp-json\/wp\/v2\/posts\/30302","targetHints":{"allow":["GET"]}}],"collection":[{"href":"https:\/\/www.pedroandretta.info\/index\/wp-json\/wp\/v2\/posts"}],"about":[{"href":"https:\/\/www.pedroandretta.info\/index\/wp-json\/wp\/v2\/types\/post"}],"author":[{"embeddable":true,"href":"https:\/\/www.pedroandretta.info\/index\/wp-json\/wp\/v2\/users\/1"}],"replies":[{"embeddable":true,"href":"https:\/\/www.pedroandretta.info\/index\/wp-json\/wp\/v2\/comments?post=30302"}],"version-history":[{"count":0,"href":"https:\/\/www.pedroandretta.info\/index\/wp-json\/wp\/v2\/posts\/30302\/revisions"}],"wp:attachment":[{"href":"https:\/\/www.pedroandretta.info\/index\/wp-json\/wp\/v2\/media?parent=30302"}],"wp:term":[{"taxonomy":"category","embeddable":true,"href":"https:\/\/www.pedroandretta.info\/index\/wp-json\/wp\/v2\/categories?post=30302"},{"taxonomy":"post_tag","embeddable":true,"href":"https:\/\/www.pedroandretta.info\/index\/wp-json\/wp\/v2\/tags?post=30302"}],"curies":[{"name":"wp","href":"https:\/\/api.w.org\/{rel}","templated":true}]}}