{"id":30370,"date":"2025-04-19T21:47:29","date_gmt":"2025-04-20T01:47:29","guid":{"rendered":"https:\/\/www.pedroandretta.info\/index\/?p=30370"},"modified":"2025-04-19T21:47:33","modified_gmt":"2025-04-20T01:47:33","slug":"lancamento-do-livro-a-biblioteca-central-da-ufpb-memorias-informacao-em-cena","status":"publish","type":"post","link":"https:\/\/www.pedroandretta.info\/index\/2025\/04\/lancamento-do-livro-a-biblioteca-central-da-ufpb-memorias-informacao-em-cena\/","title":{"rendered":"Lan\u00e7amento do livro &#8220;A Biblioteca Central da UFPB: mem\u00f3rias&#8221; \/ Informa\u00e7\u00e3o em Cena"},"content":{"rendered":"\n<p><strong>Lan\u00e7amento do livro &#8220;A Biblioteca Central da UFPB: mem\u00f3rias&#8221;<\/strong><\/p>\n\n\n\n<p>No \u00faltimo dia 15 de abril de 2025, houve o lan\u00e7amento do livro &#8220;A Biblioteca Central da UFPB: mem\u00f3rias&#8221;. O livro \u00e9 de autoria do Professor Dr. Luiz Antonio Gon\u00e7alves da Silva, que foi diretor da Biblioteca Central da UFPB entre 1976 e 1980.<\/p>\n\n\n\n<p>#UFPB #BibliotecasUniversit\u00e1rias<\/p>\n\n\n\n<p>via Informa\u00e7\u00e3o em Cena<\/p>\n\n\n\n<p>Dispon\u00edvel em: <a href=\"https:\/\/informacaoemcena.blogspot.com\/2025\/04\/lancamento-do-livro-biblioteca-central.html\">https:\/\/informacaoemcena.blogspot.com\/2025\/04\/lancamento-do-livro-biblioteca-central.html<\/a><\/p>\n\n\n\n<figure class=\"wp-block-image size-full\"><img data-recalc-dims=\"1\" decoding=\"async\" width=\"295\" height=\"440\" src=\"https:\/\/i0.wp.com\/www.pedroandretta.info\/index\/wp-content\/uploads\/2025\/04\/image-119.png?resize=295%2C440&#038;ssl=1\" alt=\"\" class=\"wp-image-30371\" srcset=\"https:\/\/i0.wp.com\/www.pedroandretta.info\/index\/wp-content\/uploads\/2025\/04\/image-119.png?w=295&amp;ssl=1 295w, https:\/\/i0.wp.com\/www.pedroandretta.info\/index\/wp-content\/uploads\/2025\/04\/image-119.png?resize=201%2C300&amp;ssl=1 201w\" sizes=\"(max-width: 295px) 100vw, 295px\" \/><\/figure>\n","protected":false},"excerpt":{"rendered":"<p>Lan\u00e7amento do livro &#8220;A Biblioteca Central da UFPB: mem\u00f3rias&#8221; No \u00faltimo dia 15 de abril de 2025, houve o lan\u00e7amento do livro &#8220;A Biblioteca Central da UFPB: mem\u00f3rias&#8221;. O livro \u00e9 de autoria do Professor Dr. Luiz Antonio Gon\u00e7alves da Silva, que foi diretor da Biblioteca Central da UFPB entre 1976 e 1980. #UFPB #BibliotecasUniversit\u00e1rias<\/p><\/div>\n<div class=\"blog-btn\"><a href=\"https:\/\/www.pedroandretta.info\/index\/2025\/04\/lancamento-do-livro-a-biblioteca-central-da-ufpb-memorias-informacao-em-cena\/\" class=\"home-blog-btn\">Ler mais<\/a><\/p>\n","protected":false},"author":1,"featured_media":0,"comment_status":"open","ping_status":"open","sticky":false,"template":"","format":"standard","meta":{"_jetpack_memberships_contains_paid_content":false,"footnotes":"","jetpack_publicize_message":"","jetpack_publicize_feature_enabled":true,"jetpack_social_post_already_shared":true,"jetpack_social_options":{"image_generator_settings":{"template":"highway","default_image_id":0,"font":"","enabled":false},"version":2}},"categories":[21],"tags":[114,103],"class_list":["post-30370","post","type-post","status-publish","format-standard","hentry","category-informeci","tag-bibliotecasuniversitarias","tag-ufpb"],"jetpack_publicize_connections":[],"jetpack_featured_media_url":"","views":"","jetpack_sharing_enabled":true,"_links":{"self":[{"href":"https:\/\/www.pedroandretta.info\/index\/wp-json\/wp\/v2\/posts\/30370","targetHints":{"allow":["GET"]}}],"collection":[{"href":"https:\/\/www.pedroandretta.info\/index\/wp-json\/wp\/v2\/posts"}],"about":[{"href":"https:\/\/www.pedroandretta.info\/index\/wp-json\/wp\/v2\/types\/post"}],"author":[{"embeddable":true,"href":"https:\/\/www.pedroandretta.info\/index\/wp-json\/wp\/v2\/users\/1"}],"replies":[{"embeddable":true,"href":"https:\/\/www.pedroandretta.info\/index\/wp-json\/wp\/v2\/comments?post=30370"}],"version-history":[{"count":0,"href":"https:\/\/www.pedroandretta.info\/index\/wp-json\/wp\/v2\/posts\/30370\/revisions"}],"wp:attachment":[{"href":"https:\/\/www.pedroandretta.info\/index\/wp-json\/wp\/v2\/media?parent=30370"}],"wp:term":[{"taxonomy":"category","embeddable":true,"href":"https:\/\/www.pedroandretta.info\/index\/wp-json\/wp\/v2\/categories?post=30370"},{"taxonomy":"post_tag","embeddable":true,"href":"https:\/\/www.pedroandretta.info\/index\/wp-json\/wp\/v2\/tags?post=30370"}],"curies":[{"name":"wp","href":"https:\/\/api.w.org\/{rel}","templated":true}]}}