{"id":30373,"date":"2025-04-19T21:51:16","date_gmt":"2025-04-20T01:51:16","guid":{"rendered":"https:\/\/www.pedroandretta.info\/index\/?p=30373"},"modified":"2025-04-19T21:51:20","modified_gmt":"2025-04-20T01:51:20","slug":"biblioteca-laboratorio-da-ufc-e-invadida-e-depredada-durante-madrugada-motivacao-e-desconhecida-diario-do-nordeste","status":"publish","type":"post","link":"https:\/\/www.pedroandretta.info\/index\/2025\/04\/biblioteca-laboratorio-da-ufc-e-invadida-e-depredada-durante-madrugada-motivacao-e-desconhecida-diario-do-nordeste\/","title":{"rendered":"Biblioteca laborat\u00f3rio da UFC \u00e9 invadida e depredada durante madrugada; motiva\u00e7\u00e3o \u00e9 desconhecida \/ Di\u00e1rio do Nordeste"},"content":{"rendered":"\n<p><strong>Biblioteca laborat\u00f3rio da UFC \u00e9 invadida e depredada durante madrugada; motiva\u00e7\u00e3o \u00e9 desconhecida <\/strong><\/p>\n\n\n\n<p>A Biblioteca Laborat\u00f3rio Prof\u00aa. Ivone Bastos Bomfim Andrade (LABIB), do Curso de Biblioteconomia da Universidade Federal do Cear\u00e1 (UFC), teve parte de seu espa\u00e7o destru\u00eddo ao ser invadida e sofrer um ataque de vandalismo na madrugada da \u00faltima sexta-feira (18).<\/p>\n\n\n\n<p>A professora e coordenadora da LABIB, \u00c1urea Montenegro, disse ainda n\u00e3o acreditar no acontecido. \u201cEstamos totalmente desolados. Hoje pela manh\u00e3 estive l\u00e1. \u00c9 estarrecedor. Tudo foi jogado no ch\u00e3o. Sobraram de p\u00e9 uma ou duas estantes, que talvez a pessoa n\u00e3o tenha tido mais for\u00e7a de derrubar. Foi muito grave e doloroso. Foi terrorismo, entre aspas, claro. Mas podemos dizer que foi\u201d, disse.<\/p>\n\n\n\n<p>#UFC<\/p>\n\n\n\n<p>via Di\u00e1rio do Nordeste<\/p>\n\n\n\n<p>Dispon\u00edvel em: <a href=\"https:\/\/diariodonordeste.verdesmares.com.br\/ceara\/biblioteca-laboratorio-da-ufc-e-invadida-e-depredada-durante-madrugada-motivacao-e-desconhecida-1.3642320?utm_source=whatsapp\">https:\/\/diariodonordeste.verdesmares.com.br\/ceara\/biblioteca-laboratorio-da-ufc-e-invadida-e-depredada-durante-madrugada-motivacao-e-desconhecida-1.3642320<\/a><\/p>\n\n\n\n<figure class=\"wp-block-image size-large\"><img data-recalc-dims=\"1\" decoding=\"async\" width=\"600\" height=\"337\" src=\"https:\/\/i0.wp.com\/www.pedroandretta.info\/index\/wp-content\/uploads\/2025\/04\/image-120.png?resize=600%2C337&#038;ssl=1\" alt=\"\" class=\"wp-image-30374\" srcset=\"https:\/\/i0.wp.com\/www.pedroandretta.info\/index\/wp-content\/uploads\/2025\/04\/image-120.png?resize=600%2C337&amp;ssl=1 600w, https:\/\/i0.wp.com\/www.pedroandretta.info\/index\/wp-content\/uploads\/2025\/04\/image-120.png?resize=300%2C169&amp;ssl=1 300w, https:\/\/i0.wp.com\/www.pedroandretta.info\/index\/wp-content\/uploads\/2025\/04\/image-120.png?resize=768%2C431&amp;ssl=1 768w, https:\/\/i0.wp.com\/www.pedroandretta.info\/index\/wp-content\/uploads\/2025\/04\/image-120.png?w=1020&amp;ssl=1 1020w\" sizes=\"(max-width: 600px) 100vw, 600px\" \/><\/figure>\n","protected":false},"excerpt":{"rendered":"<p>Biblioteca laborat\u00f3rio da UFC \u00e9 invadida e depredada durante madrugada; motiva\u00e7\u00e3o \u00e9 desconhecida A Biblioteca Laborat\u00f3rio Prof\u00aa. Ivone Bastos Bomfim Andrade (LABIB), do Curso de Biblioteconomia da Universidade Federal do Cear\u00e1 (UFC), teve parte de seu espa\u00e7o destru\u00eddo ao ser invadida e sofrer um ataque de vandalismo na madrugada da \u00faltima sexta-feira (18). A professora<\/p><\/div>\n<div class=\"blog-btn\"><a href=\"https:\/\/www.pedroandretta.info\/index\/2025\/04\/biblioteca-laboratorio-da-ufc-e-invadida-e-depredada-durante-madrugada-motivacao-e-desconhecida-diario-do-nordeste\/\" class=\"home-blog-btn\">Ler mais<\/a><\/p>\n","protected":false},"author":1,"featured_media":0,"comment_status":"open","ping_status":"open","sticky":false,"template":"","format":"standard","meta":{"_jetpack_memberships_contains_paid_content":false,"footnotes":"","jetpack_publicize_message":"","jetpack_publicize_feature_enabled":true,"jetpack_social_post_already_shared":true,"jetpack_social_options":{"image_generator_settings":{"template":"highway","default_image_id":0,"font":"","enabled":false},"version":2}},"categories":[21],"tags":[1078],"class_list":["post-30373","post","type-post","status-publish","format-standard","hentry","category-informeci","tag-ufc"],"jetpack_publicize_connections":[],"jetpack_featured_media_url":"","views":"","jetpack_sharing_enabled":true,"_links":{"self":[{"href":"https:\/\/www.pedroandretta.info\/index\/wp-json\/wp\/v2\/posts\/30373","targetHints":{"allow":["GET"]}}],"collection":[{"href":"https:\/\/www.pedroandretta.info\/index\/wp-json\/wp\/v2\/posts"}],"about":[{"href":"https:\/\/www.pedroandretta.info\/index\/wp-json\/wp\/v2\/types\/post"}],"author":[{"embeddable":true,"href":"https:\/\/www.pedroandretta.info\/index\/wp-json\/wp\/v2\/users\/1"}],"replies":[{"embeddable":true,"href":"https:\/\/www.pedroandretta.info\/index\/wp-json\/wp\/v2\/comments?post=30373"}],"version-history":[{"count":0,"href":"https:\/\/www.pedroandretta.info\/index\/wp-json\/wp\/v2\/posts\/30373\/revisions"}],"wp:attachment":[{"href":"https:\/\/www.pedroandretta.info\/index\/wp-json\/wp\/v2\/media?parent=30373"}],"wp:term":[{"taxonomy":"category","embeddable":true,"href":"https:\/\/www.pedroandretta.info\/index\/wp-json\/wp\/v2\/categories?post=30373"},{"taxonomy":"post_tag","embeddable":true,"href":"https:\/\/www.pedroandretta.info\/index\/wp-json\/wp\/v2\/tags?post=30373"}],"curies":[{"name":"wp","href":"https:\/\/api.w.org\/{rel}","templated":true}]}}