{"id":30392,"date":"2025-04-22T10:39:07","date_gmt":"2025-04-22T14:39:07","guid":{"rendered":"https:\/\/www.pedroandretta.info\/index\/?p=30392"},"modified":"2025-04-22T10:39:11","modified_gmt":"2025-04-22T14:39:11","slug":"quem-rejeita-noticias-imparciais-aqueles-que-nao-tem-poder-poder-360","status":"publish","type":"post","link":"https:\/\/www.pedroandretta.info\/index\/2025\/04\/quem-rejeita-noticias-imparciais-aqueles-que-nao-tem-poder-poder-360\/","title":{"rendered":"Quem rejeita not\u00edcias \u201cimparciais\u201d? Aqueles que n\u00e3o t\u00eam poder \/ Poder 360"},"content":{"rendered":"\n<p><strong>Quem rejeita not\u00edcias \u201cimparciais\u201d? Aqueles que n\u00e3o t\u00eam poder<\/strong><\/p>\n\n\n\n<p>Embora a maioria expresse prefer\u00eancia por not\u00edcias imparciais, h\u00e1 v\u00e1rios grupos de pessoas que se sobrep\u00f5em e que, provavelmente por motivos diferentes, t\u00eam maior probabilidade de preferir not\u00edcias que compartilhem seu ponto de vista: (a) os engajados ideol\u00f3gica e politicamente; (b) os jovens, especialmente aqueles que dependem principalmente das redes sociais para obter not\u00edcias; (c) as mulheres; e (d) os grupos menos favorecidos socioeconomicamente. Encontramos padr\u00f5es sistem\u00e1ticos em todos os pa\u00edses nas prefer\u00eancias por alternativas \u00e0s not\u00edcias imparciais, com maior incid\u00eancia em locais onde as pessoas usam mais fontes diferentes de not\u00edcias e que est\u00e3o em posi\u00e7\u00e3o inferior em termos de qualidade de suas democracias\u201d.<\/p>\n\n\n\n<p>#ConsumoDeInforma\u00e7\u00e3o #Pr\u00e1ticasInformacionais #Not\u00edcias<\/p>\n\n\n\n<p>via Poder 360<\/p>\n\n\n\n<p>Dispon\u00edvel em: <a href=\"https:\/\/www.poder360.com.br\/nieman\/quem-rejeita-noticias-imparciais-aqueles-que-nao-tem-poder\/\">https:\/\/www.poder360.com.br\/nieman\/quem-rejeita-noticias-imparciais-aqueles-que-nao-tem-poder\/<\/a><\/p>\n\n\n\n<figure class=\"wp-block-image size-large\"><img data-recalc-dims=\"1\" decoding=\"async\" width=\"533\" height=\"600\" src=\"https:\/\/i0.wp.com\/www.pedroandretta.info\/index\/wp-content\/uploads\/2025\/04\/image-125.png?resize=533%2C600&#038;ssl=1\" alt=\"\" class=\"wp-image-30393\" srcset=\"https:\/\/i0.wp.com\/www.pedroandretta.info\/index\/wp-content\/uploads\/2025\/04\/image-125.png?resize=533%2C600&amp;ssl=1 533w, https:\/\/i0.wp.com\/www.pedroandretta.info\/index\/wp-content\/uploads\/2025\/04\/image-125.png?resize=266%2C300&amp;ssl=1 266w, https:\/\/i0.wp.com\/www.pedroandretta.info\/index\/wp-content\/uploads\/2025\/04\/image-125.png?w=753&amp;ssl=1 753w\" sizes=\"(max-width: 533px) 100vw, 533px\" \/><\/figure>\n","protected":false},"excerpt":{"rendered":"<p>Quem rejeita not\u00edcias \u201cimparciais\u201d? Aqueles que n\u00e3o t\u00eam poder Embora a maioria expresse prefer\u00eancia por not\u00edcias imparciais, h\u00e1 v\u00e1rios grupos de pessoas que se sobrep\u00f5em e que, provavelmente por motivos diferentes, t\u00eam maior probabilidade de preferir not\u00edcias que compartilhem seu ponto de vista: (a) os engajados ideol\u00f3gica e politicamente; (b) os jovens, especialmente aqueles que<\/p><\/div>\n<div class=\"blog-btn\"><a href=\"https:\/\/www.pedroandretta.info\/index\/2025\/04\/quem-rejeita-noticias-imparciais-aqueles-que-nao-tem-poder-poder-360\/\" class=\"home-blog-btn\">Ler mais<\/a><\/p>\n","protected":false},"author":1,"featured_media":0,"comment_status":"open","ping_status":"open","sticky":false,"template":"","format":"standard","meta":{"_jetpack_memberships_contains_paid_content":false,"footnotes":"","jetpack_publicize_message":"","jetpack_publicize_feature_enabled":true,"jetpack_social_post_already_shared":true,"jetpack_social_options":{"image_generator_settings":{"template":"highway","default_image_id":0,"font":"","enabled":false},"version":2}},"categories":[21],"tags":[2012,1163,404],"class_list":["post-30392","post","type-post","status-publish","format-standard","hentry","category-informeci","tag-consumodeinformacao","tag-noticias","tag-praticasinformacionais"],"jetpack_publicize_connections":[],"jetpack_featured_media_url":"","views":"","jetpack_sharing_enabled":true,"_links":{"self":[{"href":"https:\/\/www.pedroandretta.info\/index\/wp-json\/wp\/v2\/posts\/30392","targetHints":{"allow":["GET"]}}],"collection":[{"href":"https:\/\/www.pedroandretta.info\/index\/wp-json\/wp\/v2\/posts"}],"about":[{"href":"https:\/\/www.pedroandretta.info\/index\/wp-json\/wp\/v2\/types\/post"}],"author":[{"embeddable":true,"href":"https:\/\/www.pedroandretta.info\/index\/wp-json\/wp\/v2\/users\/1"}],"replies":[{"embeddable":true,"href":"https:\/\/www.pedroandretta.info\/index\/wp-json\/wp\/v2\/comments?post=30392"}],"version-history":[{"count":0,"href":"https:\/\/www.pedroandretta.info\/index\/wp-json\/wp\/v2\/posts\/30392\/revisions"}],"wp:attachment":[{"href":"https:\/\/www.pedroandretta.info\/index\/wp-json\/wp\/v2\/media?parent=30392"}],"wp:term":[{"taxonomy":"category","embeddable":true,"href":"https:\/\/www.pedroandretta.info\/index\/wp-json\/wp\/v2\/categories?post=30392"},{"taxonomy":"post_tag","embeddable":true,"href":"https:\/\/www.pedroandretta.info\/index\/wp-json\/wp\/v2\/tags?post=30392"}],"curies":[{"name":"wp","href":"https:\/\/api.w.org\/{rel}","templated":true}]}}