{"id":30428,"date":"2025-04-24T01:45:15","date_gmt":"2025-04-24T05:45:15","guid":{"rendered":"https:\/\/www.pedroandretta.info\/index\/?p=30428"},"modified":"2025-04-24T01:45:19","modified_gmt":"2025-04-24T05:45:19","slug":"biblioteconomia-e-ciencia-da-informacao-dois-campos-que-podem-se-fortalecer-a-partir-das-especificidades-jornal-da-usp","status":"publish","type":"post","link":"https:\/\/www.pedroandretta.info\/index\/2025\/04\/biblioteconomia-e-ciencia-da-informacao-dois-campos-que-podem-se-fortalecer-a-partir-das-especificidades-jornal-da-usp\/","title":{"rendered":"Biblioteconomia e Ci\u00eancia da Informa\u00e7\u00e3o: dois campos que podem se fortalecer a partir das especificidades \/ Jornal da USP"},"content":{"rendered":"\n<p><strong>Biblioteconomia e Ci\u00eancia da Informa\u00e7\u00e3o: dois campos que podem se fortalecer a partir das especificidades<\/strong><\/p>\n\n\n\n<p>Disputas em torno de nomes, classifica\u00e7\u00f5es e campos n\u00e3o s\u00e3o apenas exerc\u00edcios de vaidade acad\u00eamica. Elas influenciam pol\u00edticas, comp\u00f5em curr\u00edculos, reorientam verbas e redesenham os contornos do que se considera relevante. Quem define os termos, define os rumos. Fingir que essas discuss\u00f5es s\u00e3o secund\u00e1rias \u00e9, no m\u00ednimo, ingenuidade. E deixar que elas sejam decididas apenas por crit\u00e9rios de marketing institucional ou por idiossincrasias pode ser ainda pior. A pergunta que fica \u00e9: queremos um campo com mem\u00f3ria, presen\u00e7a e efetividade, ou uma etiqueta fluida, feita para caber em qualquer prateleira sem incomodar ningu\u00e9m ou que satisfa\u00e7a a interesses sazonais?<\/p>\n\n\n\n<p>#FundamentosDaBiblioteconomia #Biblioteconomia<\/p>\n\n\n\n<p>via Jornal da USP<\/p>\n\n\n\n<p>Dispon\u00edvel em: <a href=\"https:\/\/jornal.usp.br\/artigos\/biblioteconomia-e-ciencia-da-informacao-dois-campos-que-podem-se-fortalecer-a-partir-das-especificidades\/\">https:\/\/jornal.usp.br\/artigos\/biblioteconomia-e-ciencia-da-informacao-dois-campos-que-podem-se-fortalecer-a-partir-das-especificidades\/<\/a><\/p>\n","protected":false},"excerpt":{"rendered":"<p>Biblioteconomia e Ci\u00eancia da Informa\u00e7\u00e3o: dois campos que podem se fortalecer a partir das especificidades Disputas em torno de nomes, classifica\u00e7\u00f5es e campos n\u00e3o s\u00e3o apenas exerc\u00edcios de vaidade acad\u00eamica. Elas influenciam pol\u00edticas, comp\u00f5em curr\u00edculos, reorientam verbas e redesenham os contornos do que se considera relevante. Quem define os termos, define os rumos. Fingir que<\/p><\/div>\n<div class=\"blog-btn\"><a href=\"https:\/\/www.pedroandretta.info\/index\/2025\/04\/biblioteconomia-e-ciencia-da-informacao-dois-campos-que-podem-se-fortalecer-a-partir-das-especificidades-jornal-da-usp\/\" class=\"home-blog-btn\">Ler mais<\/a><\/p>\n","protected":false},"author":1,"featured_media":0,"comment_status":"open","ping_status":"open","sticky":false,"template":"","format":"standard","meta":{"_jetpack_memberships_contains_paid_content":false,"footnotes":"","jetpack_publicize_message":"","jetpack_publicize_feature_enabled":true,"jetpack_social_post_already_shared":true,"jetpack_social_options":{"image_generator_settings":{"template":"highway","default_image_id":0,"font":"","enabled":false},"version":2}},"categories":[21],"tags":[33,615],"class_list":["post-30428","post","type-post","status-publish","format-standard","hentry","category-informeci","tag-biblioteconomia","tag-fundamentosdebiblioteconomia"],"jetpack_publicize_connections":[],"jetpack_featured_media_url":"","views":"","jetpack_sharing_enabled":true,"_links":{"self":[{"href":"https:\/\/www.pedroandretta.info\/index\/wp-json\/wp\/v2\/posts\/30428","targetHints":{"allow":["GET"]}}],"collection":[{"href":"https:\/\/www.pedroandretta.info\/index\/wp-json\/wp\/v2\/posts"}],"about":[{"href":"https:\/\/www.pedroandretta.info\/index\/wp-json\/wp\/v2\/types\/post"}],"author":[{"embeddable":true,"href":"https:\/\/www.pedroandretta.info\/index\/wp-json\/wp\/v2\/users\/1"}],"replies":[{"embeddable":true,"href":"https:\/\/www.pedroandretta.info\/index\/wp-json\/wp\/v2\/comments?post=30428"}],"version-history":[{"count":0,"href":"https:\/\/www.pedroandretta.info\/index\/wp-json\/wp\/v2\/posts\/30428\/revisions"}],"wp:attachment":[{"href":"https:\/\/www.pedroandretta.info\/index\/wp-json\/wp\/v2\/media?parent=30428"}],"wp:term":[{"taxonomy":"category","embeddable":true,"href":"https:\/\/www.pedroandretta.info\/index\/wp-json\/wp\/v2\/categories?post=30428"},{"taxonomy":"post_tag","embeddable":true,"href":"https:\/\/www.pedroandretta.info\/index\/wp-json\/wp\/v2\/tags?post=30428"}],"curies":[{"name":"wp","href":"https:\/\/api.w.org\/{rel}","templated":true}]}}