{"id":30440,"date":"2025-04-25T12:22:02","date_gmt":"2025-04-25T16:22:02","guid":{"rendered":"https:\/\/www.pedroandretta.info\/index\/?p=30440"},"modified":"2025-04-25T12:22:05","modified_gmt":"2025-04-25T16:22:05","slug":"bibliotecarias-brasileiras-na-era-digital-jornal-da-universidade","status":"publish","type":"post","link":"https:\/\/www.pedroandretta.info\/index\/2025\/04\/bibliotecarias-brasileiras-na-era-digital-jornal-da-universidade\/","title":{"rendered":"Bibliotec\u00e1rias brasileiras na era digital \/ Jornal da Universidade"},"content":{"rendered":"\n<p><strong>Bibliotec\u00e1rias brasileiras na era digital<\/strong><\/p>\n\n\n\n<p>A inser\u00e7\u00e3o de mulheres na Biblioteconomia ultrapassa, hoje, as rotinas convencionais de organiza\u00e7\u00e3o e preserva\u00e7\u00e3o de acervos. Em distintas regi\u00f5es do pa\u00eds, observa-se a presen\u00e7a de bibliotec\u00e1rias atuando em \u00e1reas tecnol\u00f3gicas, desde servi\u00e7os de informa\u00e7\u00e3o em plataformas digitais at\u00e9 cargos de gest\u00e3o de projetos. Esse quadro foi confirmado por meio de uma pesquisa com 70 profissionais de diferentes regi\u00f5es do pa\u00eds, que compartilharam percep\u00e7\u00f5es acerca das compet\u00eancias exigidas no contexto da tecnologia, os desafios encontrados e os impactos das quest\u00f5es de g\u00eanero em suas carreiras.<\/p>\n\n\n\n<p>#Atua\u00e7\u00e3oProfissional<\/p>\n\n\n\n<p>via Jornal da Universidade<\/p>\n\n\n\n<p>Dispon\u00edvel em: <a href=\"https:\/\/www.ufrgs.br\/jornal\/bibliotecarias-brasileiras-na-era-digital\/\">https:\/\/www.ufrgs.br\/jornal\/bibliotecarias-brasileiras-na-era-digital\/<\/a><\/p>\n","protected":false},"excerpt":{"rendered":"<p>Bibliotec\u00e1rias brasileiras na era digital A inser\u00e7\u00e3o de mulheres na Biblioteconomia ultrapassa, hoje, as rotinas convencionais de organiza\u00e7\u00e3o e preserva\u00e7\u00e3o de acervos. Em distintas regi\u00f5es do pa\u00eds, observa-se a presen\u00e7a de bibliotec\u00e1rias atuando em \u00e1reas tecnol\u00f3gicas, desde servi\u00e7os de informa\u00e7\u00e3o em plataformas digitais at\u00e9 cargos de gest\u00e3o de projetos. Esse quadro foi confirmado por meio<\/p><\/div>\n<div class=\"blog-btn\"><a href=\"https:\/\/www.pedroandretta.info\/index\/2025\/04\/bibliotecarias-brasileiras-na-era-digital-jornal-da-universidade\/\" class=\"home-blog-btn\">Ler mais<\/a><\/p>\n","protected":false},"author":1,"featured_media":0,"comment_status":"open","ping_status":"open","sticky":false,"template":"","format":"standard","meta":{"_jetpack_memberships_contains_paid_content":false,"footnotes":"","jetpack_publicize_message":"","jetpack_publicize_feature_enabled":true,"jetpack_social_post_already_shared":true,"jetpack_social_options":{"image_generator_settings":{"template":"highway","default_image_id":0,"font":"","enabled":false},"version":2}},"categories":[21],"tags":[1702],"class_list":["post-30440","post","type-post","status-publish","format-standard","hentry","category-informeci","tag-atuacaoprofissional"],"jetpack_publicize_connections":[],"jetpack_featured_media_url":"","views":"","jetpack_sharing_enabled":true,"_links":{"self":[{"href":"https:\/\/www.pedroandretta.info\/index\/wp-json\/wp\/v2\/posts\/30440","targetHints":{"allow":["GET"]}}],"collection":[{"href":"https:\/\/www.pedroandretta.info\/index\/wp-json\/wp\/v2\/posts"}],"about":[{"href":"https:\/\/www.pedroandretta.info\/index\/wp-json\/wp\/v2\/types\/post"}],"author":[{"embeddable":true,"href":"https:\/\/www.pedroandretta.info\/index\/wp-json\/wp\/v2\/users\/1"}],"replies":[{"embeddable":true,"href":"https:\/\/www.pedroandretta.info\/index\/wp-json\/wp\/v2\/comments?post=30440"}],"version-history":[{"count":0,"href":"https:\/\/www.pedroandretta.info\/index\/wp-json\/wp\/v2\/posts\/30440\/revisions"}],"wp:attachment":[{"href":"https:\/\/www.pedroandretta.info\/index\/wp-json\/wp\/v2\/media?parent=30440"}],"wp:term":[{"taxonomy":"category","embeddable":true,"href":"https:\/\/www.pedroandretta.info\/index\/wp-json\/wp\/v2\/categories?post=30440"},{"taxonomy":"post_tag","embeddable":true,"href":"https:\/\/www.pedroandretta.info\/index\/wp-json\/wp\/v2\/tags?post=30440"}],"curies":[{"name":"wp","href":"https:\/\/api.w.org\/{rel}","templated":true}]}}