{"id":30445,"date":"2025-04-26T11:09:07","date_gmt":"2025-04-26T15:09:07","guid":{"rendered":"https:\/\/www.pedroandretta.info\/index\/?p=30445"},"modified":"2025-04-26T11:09:14","modified_gmt":"2025-04-26T15:09:14","slug":"livro-de-colorir-devocional-estreia-na-lista-de-mais-vendidos-do-publishnews-publishnews","status":"publish","type":"post","link":"https:\/\/www.pedroandretta.info\/index\/2025\/04\/livro-de-colorir-devocional-estreia-na-lista-de-mais-vendidos-do-publishnews-publishnews\/","title":{"rendered":"Livro de colorir devocional estreia na Lista de Mais Vendidos do PublishNews \/ PublishNews"},"content":{"rendered":"\n<p><strong>Livro de colorir devocional estreia na Lista de Mais Vendidos do PublishNews<\/strong><\/p>\n\n\n\n<p>Uma novidade que une duas tend\u00eancias fortes da produ\u00e7\u00e3o editorial recente no Brasil ganha agora destaque ao estrear um t\u00edtulo na Lista de Mais Vendidos do PublishNews: \u00e9 o livro de colorir devocional, jun\u00e7\u00e3o de dois fen\u00f4menos de vendas recentes. Quem realizou a fa\u00e7anha foi Colorindo com Deus Pai \u2013 Um Livro Cute &amp; Comfy (Camelot Editora). O volume tem 64 p\u00e1ginas e traz 32 ilustra\u00e7\u00f5es com mensagens de f\u00e9. Outros t\u00edtulos com a mesma proposta, de diferentes editoras, j\u00e1 est\u00e3o circulando no mercado.<\/p>\n\n\n\n<p>#MercadoEditorial #Religi\u00e3o<\/p>\n\n\n\n<p>via PublishNews<\/p>\n\n\n\n<p>Dispon\u00edvel em: <a href=\"https:\/\/www.publishnews.com.br\/materias\/2025\/04\/25\/livro-de-colorir-devocional-estreia-na-lista-de-mais-vendidos-do-publishnews#:~:text=Uma%20novidade%20que%20une%20duas,dois%20fen%C3%B4menos%20de%20vendas%20recentes.\">https:\/\/www.publishnews.com.br\/materias\/2025\/04\/25\/livro-de-colorir-devocional-estreia-na-lista-de-mais-vendidos-do-publishnews<\/a><\/p>\n\n\n\n<figure class=\"wp-block-image size-large\"><img data-recalc-dims=\"1\" decoding=\"async\" width=\"600\" height=\"300\" src=\"https:\/\/i0.wp.com\/www.pedroandretta.info\/index\/wp-content\/uploads\/2025\/04\/image-134.png?resize=600%2C300&#038;ssl=1\" alt=\"\" class=\"wp-image-30446\" srcset=\"https:\/\/i0.wp.com\/www.pedroandretta.info\/index\/wp-content\/uploads\/2025\/04\/image-134.png?resize=600%2C300&amp;ssl=1 600w, https:\/\/i0.wp.com\/www.pedroandretta.info\/index\/wp-content\/uploads\/2025\/04\/image-134.png?resize=300%2C150&amp;ssl=1 300w, https:\/\/i0.wp.com\/www.pedroandretta.info\/index\/wp-content\/uploads\/2025\/04\/image-134.png?resize=768%2C384&amp;ssl=1 768w, https:\/\/i0.wp.com\/www.pedroandretta.info\/index\/wp-content\/uploads\/2025\/04\/image-134.png?w=900&amp;ssl=1 900w\" sizes=\"(max-width: 600px) 100vw, 600px\" \/><\/figure>\n","protected":false},"excerpt":{"rendered":"<p>Livro de colorir devocional estreia na Lista de Mais Vendidos do PublishNews Uma novidade que une duas tend\u00eancias fortes da produ\u00e7\u00e3o editorial recente no Brasil ganha agora destaque ao estrear um t\u00edtulo na Lista de Mais Vendidos do PublishNews: \u00e9 o livro de colorir devocional, jun\u00e7\u00e3o de dois fen\u00f4menos de vendas recentes. Quem realizou a<\/p><\/div>\n<div class=\"blog-btn\"><a href=\"https:\/\/www.pedroandretta.info\/index\/2025\/04\/livro-de-colorir-devocional-estreia-na-lista-de-mais-vendidos-do-publishnews-publishnews\/\" class=\"home-blog-btn\">Ler mais<\/a><\/p>\n","protected":false},"author":1,"featured_media":0,"comment_status":"open","ping_status":"open","sticky":false,"template":"","format":"standard","meta":{"_jetpack_memberships_contains_paid_content":false,"footnotes":"","jetpack_publicize_message":"","jetpack_publicize_feature_enabled":true,"jetpack_social_post_already_shared":true,"jetpack_social_options":{"image_generator_settings":{"template":"highway","default_image_id":0,"font":"","enabled":false},"version":2}},"categories":[21],"tags":[367,3562],"class_list":["post-30445","post","type-post","status-publish","format-standard","hentry","category-informeci","tag-mercadoeditorial","tag-religiao"],"jetpack_publicize_connections":[],"jetpack_featured_media_url":"","views":"","jetpack_sharing_enabled":true,"_links":{"self":[{"href":"https:\/\/www.pedroandretta.info\/index\/wp-json\/wp\/v2\/posts\/30445","targetHints":{"allow":["GET"]}}],"collection":[{"href":"https:\/\/www.pedroandretta.info\/index\/wp-json\/wp\/v2\/posts"}],"about":[{"href":"https:\/\/www.pedroandretta.info\/index\/wp-json\/wp\/v2\/types\/post"}],"author":[{"embeddable":true,"href":"https:\/\/www.pedroandretta.info\/index\/wp-json\/wp\/v2\/users\/1"}],"replies":[{"embeddable":true,"href":"https:\/\/www.pedroandretta.info\/index\/wp-json\/wp\/v2\/comments?post=30445"}],"version-history":[{"count":0,"href":"https:\/\/www.pedroandretta.info\/index\/wp-json\/wp\/v2\/posts\/30445\/revisions"}],"wp:attachment":[{"href":"https:\/\/www.pedroandretta.info\/index\/wp-json\/wp\/v2\/media?parent=30445"}],"wp:term":[{"taxonomy":"category","embeddable":true,"href":"https:\/\/www.pedroandretta.info\/index\/wp-json\/wp\/v2\/categories?post=30445"},{"taxonomy":"post_tag","embeddable":true,"href":"https:\/\/www.pedroandretta.info\/index\/wp-json\/wp\/v2\/tags?post=30445"}],"curies":[{"name":"wp","href":"https:\/\/api.w.org\/{rel}","templated":true}]}}