{"id":30468,"date":"2025-04-27T12:17:40","date_gmt":"2025-04-27T16:17:40","guid":{"rendered":"https:\/\/www.pedroandretta.info\/index\/?p=30468"},"modified":"2025-04-27T12:17:44","modified_gmt":"2025-04-27T16:17:44","slug":"bibliotecas-comunitarias-ampliam-acesso-a-leitura-na-amazonia-folha-de-s-paulo","status":"publish","type":"post","link":"https:\/\/www.pedroandretta.info\/index\/2025\/04\/bibliotecas-comunitarias-ampliam-acesso-a-leitura-na-amazonia-folha-de-s-paulo\/","title":{"rendered":"Bibliotecas comunit\u00e1rias ampliam acesso \u00e0 leitura na Amaz\u00f4nia \/ Folha de S. Paulo"},"content":{"rendered":"\n<p><strong>Bibliotecas comunit\u00e1rias ampliam acesso \u00e0 leitura na Amaz\u00f4nia<\/strong><\/p>\n\n\n\n<p>Entre as crian\u00e7as do ensino fundamental 1 (primeiro ao quinto ano), a leitura caiu de 49% para 40%. J\u00e1 na faixa entre 5 e 10 anos, o percentual recuou de 71% para 62%. Em todo o territ\u00f3rio nacional, o Norte teve a maior queda, de 63% para 48%.<\/p>\n\n\n\n<p>Ao impactar anualmente cerca de 15 mil crian\u00e7as e jovens, o projeto da Vaga Lume busca reverter essa tend\u00eancia na regi\u00e3o. Em 2025, a expectativa \u00e9 que sejam constru\u00eddas cinco novas bibliotecas. Chave para o \u00eaxito desses espa\u00e7os, destaca Lia Jamra, \u00e9 o engajamento comunit\u00e1rio. &#8220;Desde o local de armazenamento dos livros at\u00e9 os dias de funcionamento, o processo de empr\u00e9stimo e as media\u00e7\u00f5es de leitura, tudo depende de um acordo da comunidade. S\u00e3o espa\u00e7os de pertencimento e trabalho coletivo.&#8221;<\/p>\n\n\n\n<p>#BibliotecasComunit\u00e1rias #Amaz\u00f4nia<\/p>\n\n\n\n<p>via Folha de S. Paulo<\/p>\n\n\n\n<p>Dispon\u00edvel em: <a href=\"https:\/\/www1.folha.uol.com.br\/folha-social-mais\/2025\/04\/bibliotecas-comunitarias-ampliam-acesso-a-leitura-na-amazonia.shtml\">https:\/\/www1.folha.uol.com.br\/folha-social-mais\/2025\/04\/bibliotecas-comunitarias-ampliam-acesso-a-leitura-na-amazonia.shtml<\/a><\/p>\n","protected":false},"excerpt":{"rendered":"<p>Bibliotecas comunit\u00e1rias ampliam acesso \u00e0 leitura na Amaz\u00f4nia Entre as crian\u00e7as do ensino fundamental 1 (primeiro ao quinto ano), a leitura caiu de 49% para 40%. J\u00e1 na faixa entre 5 e 10 anos, o percentual recuou de 71% para 62%. Em todo o territ\u00f3rio nacional, o Norte teve a maior queda, de 63% para<\/p><\/div>\n<div class=\"blog-btn\"><a href=\"https:\/\/www.pedroandretta.info\/index\/2025\/04\/bibliotecas-comunitarias-ampliam-acesso-a-leitura-na-amazonia-folha-de-s-paulo\/\" class=\"home-blog-btn\">Ler mais<\/a><\/p>\n","protected":false},"author":1,"featured_media":0,"comment_status":"open","ping_status":"open","sticky":false,"template":"","format":"standard","meta":{"_jetpack_memberships_contains_paid_content":false,"footnotes":"","jetpack_publicize_message":"","jetpack_publicize_feature_enabled":true,"jetpack_social_post_already_shared":true,"jetpack_social_options":{"image_generator_settings":{"template":"highway","default_image_id":0,"font":"","enabled":false},"version":2}},"categories":[21],"tags":[971,3317],"class_list":["post-30468","post","type-post","status-publish","format-standard","hentry","category-informeci","tag-amazonia","tag-bibliotecascomunitarias"],"jetpack_publicize_connections":[],"jetpack_featured_media_url":"","views":"","jetpack_sharing_enabled":true,"_links":{"self":[{"href":"https:\/\/www.pedroandretta.info\/index\/wp-json\/wp\/v2\/posts\/30468","targetHints":{"allow":["GET"]}}],"collection":[{"href":"https:\/\/www.pedroandretta.info\/index\/wp-json\/wp\/v2\/posts"}],"about":[{"href":"https:\/\/www.pedroandretta.info\/index\/wp-json\/wp\/v2\/types\/post"}],"author":[{"embeddable":true,"href":"https:\/\/www.pedroandretta.info\/index\/wp-json\/wp\/v2\/users\/1"}],"replies":[{"embeddable":true,"href":"https:\/\/www.pedroandretta.info\/index\/wp-json\/wp\/v2\/comments?post=30468"}],"version-history":[{"count":0,"href":"https:\/\/www.pedroandretta.info\/index\/wp-json\/wp\/v2\/posts\/30468\/revisions"}],"wp:attachment":[{"href":"https:\/\/www.pedroandretta.info\/index\/wp-json\/wp\/v2\/media?parent=30468"}],"wp:term":[{"taxonomy":"category","embeddable":true,"href":"https:\/\/www.pedroandretta.info\/index\/wp-json\/wp\/v2\/categories?post=30468"},{"taxonomy":"post_tag","embeddable":true,"href":"https:\/\/www.pedroandretta.info\/index\/wp-json\/wp\/v2\/tags?post=30468"}],"curies":[{"name":"wp","href":"https:\/\/api.w.org\/{rel}","templated":true}]}}