{"id":30472,"date":"2025-04-27T12:25:57","date_gmt":"2025-04-27T16:25:57","guid":{"rendered":"https:\/\/www.pedroandretta.info\/index\/?p=30472"},"modified":"2025-04-27T13:55:10","modified_gmt":"2025-04-27T17:55:10","slug":"manifesto-das-bibliotecas-escolares-ifla-unesco-2025","status":"publish","type":"post","link":"https:\/\/www.pedroandretta.info\/index\/2025\/04\/manifesto-das-bibliotecas-escolares-ifla-unesco-2025\/","title":{"rendered":"Manifesto das Bibliotecas Escolares IFLA-UNESCO 2025"},"content":{"rendered":"\n<p><strong>Manifesto das Bibliotecas Escolares IFLA-UNESCO 2025<\/strong><\/p>\n\n\n\n<p>O programa de biblioteca escolar aprimora e aprimora o ensino e a aprendizagem para toda a comunidade escolar por meio de seus profissionais e equipe qualificados de biblioteca escolar, acervos f\u00edsicos e digitais, espa\u00e7os e equipamentos, servi\u00e7os e atividades. Em um cen\u00e1rio de informa\u00e7\u00e3o em r\u00e1pida evolu\u00e7\u00e3o, com tecnologias emergentes gerando novas oportunidades e desafios, o papel das bibliotecas escolares em colabora\u00e7\u00f5es ativas para a alfabetiza\u00e7\u00e3o, o pensamento cr\u00edtico, a criatividade e a cidadania global em uma educa\u00e7\u00e3o inclusiva e equitativa \u00e9 mais importante do que nunca.  <\/p>\n\n\n\n<p>#IFLA #BibliotecasEscolares<\/p>\n\n\n\n<p>Dispon\u00edvel em: <a href=\"https:\/\/repository.ifla.org\/items\/e1234cf2-57e5-4cae-a0d1-da730c536bb3\">https:\/\/repository.ifla.org\/items\/e1234cf2-57e5-4cae-a0d1-da730c536bb3<\/a><\/p>\n\n\n\n<figure class=\"wp-block-image size-large\"><img data-recalc-dims=\"1\" decoding=\"async\" width=\"396\" height=\"600\" src=\"https:\/\/i0.wp.com\/www.pedroandretta.info\/index\/wp-content\/uploads\/2025\/04\/image-140.png?resize=396%2C600&#038;ssl=1\" alt=\"\" class=\"wp-image-30473\" srcset=\"https:\/\/i0.wp.com\/www.pedroandretta.info\/index\/wp-content\/uploads\/2025\/04\/image-140.png?resize=396%2C600&amp;ssl=1 396w, https:\/\/i0.wp.com\/www.pedroandretta.info\/index\/wp-content\/uploads\/2025\/04\/image-140.png?resize=198%2C300&amp;ssl=1 198w, https:\/\/i0.wp.com\/www.pedroandretta.info\/index\/wp-content\/uploads\/2025\/04\/image-140.png?w=496&amp;ssl=1 496w\" sizes=\"(max-width: 396px) 100vw, 396px\" \/><\/figure>\n","protected":false},"excerpt":{"rendered":"<p>Manifesto das Bibliotecas Escolares IFLA-UNESCO 2025 O programa de biblioteca escolar aprimora e aprimora o ensino e a aprendizagem para toda a comunidade escolar por meio de seus profissionais e equipe qualificados de biblioteca escolar, acervos f\u00edsicos e digitais, espa\u00e7os e equipamentos, servi\u00e7os e atividades. Em um cen\u00e1rio de informa\u00e7\u00e3o em r\u00e1pida evolu\u00e7\u00e3o, com tecnologias<\/p><\/div>\n<div class=\"blog-btn\"><a href=\"https:\/\/www.pedroandretta.info\/index\/2025\/04\/manifesto-das-bibliotecas-escolares-ifla-unesco-2025\/\" class=\"home-blog-btn\">Ler mais<\/a><\/p>\n","protected":false},"author":1,"featured_media":0,"comment_status":"open","ping_status":"open","sticky":false,"template":"","format":"standard","meta":{"_jetpack_memberships_contains_paid_content":false,"footnotes":"","jetpack_publicize_message":"","jetpack_publicize_feature_enabled":true,"jetpack_social_post_already_shared":true,"jetpack_social_options":{"image_generator_settings":{"template":"highway","default_image_id":0,"font":"","enabled":false},"version":2}},"categories":[21],"tags":[79,344],"class_list":["post-30472","post","type-post","status-publish","format-standard","hentry","category-informeci","tag-bibliotecasescolares","tag-ifla"],"jetpack_publicize_connections":[],"jetpack_featured_media_url":"","views":"","jetpack_sharing_enabled":true,"_links":{"self":[{"href":"https:\/\/www.pedroandretta.info\/index\/wp-json\/wp\/v2\/posts\/30472","targetHints":{"allow":["GET"]}}],"collection":[{"href":"https:\/\/www.pedroandretta.info\/index\/wp-json\/wp\/v2\/posts"}],"about":[{"href":"https:\/\/www.pedroandretta.info\/index\/wp-json\/wp\/v2\/types\/post"}],"author":[{"embeddable":true,"href":"https:\/\/www.pedroandretta.info\/index\/wp-json\/wp\/v2\/users\/1"}],"replies":[{"embeddable":true,"href":"https:\/\/www.pedroandretta.info\/index\/wp-json\/wp\/v2\/comments?post=30472"}],"version-history":[{"count":0,"href":"https:\/\/www.pedroandretta.info\/index\/wp-json\/wp\/v2\/posts\/30472\/revisions"}],"wp:attachment":[{"href":"https:\/\/www.pedroandretta.info\/index\/wp-json\/wp\/v2\/media?parent=30472"}],"wp:term":[{"taxonomy":"category","embeddable":true,"href":"https:\/\/www.pedroandretta.info\/index\/wp-json\/wp\/v2\/categories?post=30472"},{"taxonomy":"post_tag","embeddable":true,"href":"https:\/\/www.pedroandretta.info\/index\/wp-json\/wp\/v2\/tags?post=30472"}],"curies":[{"name":"wp","href":"https:\/\/api.w.org\/{rel}","templated":true}]}}