{"id":30476,"date":"2025-04-27T16:56:24","date_gmt":"2025-04-27T20:56:24","guid":{"rendered":"https:\/\/www.pedroandretta.info\/index\/?p=30476"},"modified":"2025-04-27T17:37:46","modified_gmt":"2025-04-27T21:37:46","slug":"conectando-inteligencia-artificial-e-ciencia-aberta-uma-entrevista-com-elena-giglia-digital-library-perspectives","status":"publish","type":"post","link":"https:\/\/www.pedroandretta.info\/index\/2025\/04\/conectando-inteligencia-artificial-e-ciencia-aberta-uma-entrevista-com-elena-giglia-digital-library-perspectives\/","title":{"rendered":"Conectando intelig\u00eancia artificial e ci\u00eancia aberta: uma entrevista com Elena Giglia \/ Digital Library Perspectives"},"content":{"rendered":"\n<p><strong>Conectando intelig\u00eancia artificial e ci\u00eancia aberta: uma entrevista com Elena Giglia<\/strong><\/p>\n\n\n\n<p>Esta entrevista explora a perspectiva de Elena sobre como a IA est\u00e1 transformando a cria\u00e7\u00e3o e a dissemina\u00e7\u00e3o do conhecimento dentro do paradigma da ci\u00eancia aberta. Aprofundamos o impacto potencial da IA \u200b\u200bna integridade acad\u00eamica e discutimos as regulamenta\u00e7\u00f5es necess\u00e1rias para orientar seu uso respons\u00e1vel por alunos e educadores.  <\/p>\n\n\n\n<p>#IA #Ci\u00eanciaAberta<\/p>\n\n\n\n<p>via Digital Library Perspectives<\/p>\n\n\n\n<p>Dispon\u00edvel em: <a href=\"https:\/\/doi.org\/10.1108\/DLP-05-2025-206\">https:\/\/doi.org\/10.1108\/DLP-05-2025-206<\/a><\/p>\n\n\n\n<figure class=\"wp-block-image size-large\"><img data-recalc-dims=\"1\" decoding=\"async\" width=\"470\" height=\"600\" src=\"https:\/\/i0.wp.com\/www.pedroandretta.info\/index\/wp-content\/uploads\/2025\/04\/image-141.png?resize=470%2C600&#038;ssl=1\" alt=\"\" class=\"wp-image-30477\" srcset=\"https:\/\/i0.wp.com\/www.pedroandretta.info\/index\/wp-content\/uploads\/2025\/04\/image-141.png?resize=470%2C600&amp;ssl=1 470w, https:\/\/i0.wp.com\/www.pedroandretta.info\/index\/wp-content\/uploads\/2025\/04\/image-141.png?resize=235%2C300&amp;ssl=1 235w, https:\/\/i0.wp.com\/www.pedroandretta.info\/index\/wp-content\/uploads\/2025\/04\/image-141.png?w=563&amp;ssl=1 563w\" sizes=\"(max-width: 470px) 100vw, 470px\" \/><\/figure>\n","protected":false},"excerpt":{"rendered":"<p>Conectando intelig\u00eancia artificial e ci\u00eancia aberta: uma entrevista com Elena Giglia Esta entrevista explora a perspectiva de Elena sobre como a IA est\u00e1 transformando a cria\u00e7\u00e3o e a dissemina\u00e7\u00e3o do conhecimento dentro do paradigma da ci\u00eancia aberta. Aprofundamos o impacto potencial da IA \u200b\u200bna integridade acad\u00eamica e discutimos as regulamenta\u00e7\u00f5es necess\u00e1rias para orientar seu uso<\/p><\/div>\n<div class=\"blog-btn\"><a href=\"https:\/\/www.pedroandretta.info\/index\/2025\/04\/conectando-inteligencia-artificial-e-ciencia-aberta-uma-entrevista-com-elena-giglia-digital-library-perspectives\/\" class=\"home-blog-btn\">Ler mais<\/a><\/p>\n","protected":false},"author":1,"featured_media":0,"comment_status":"open","ping_status":"open","sticky":false,"template":"","format":"standard","meta":{"_jetpack_memberships_contains_paid_content":false,"footnotes":"","jetpack_publicize_message":"","jetpack_publicize_feature_enabled":true,"jetpack_social_post_already_shared":true,"jetpack_social_options":{"image_generator_settings":{"template":"highway","default_image_id":0,"font":"","enabled":false},"version":2}},"categories":[21],"tags":[198,601,1994],"class_list":["post-30476","post","type-post","status-publish","format-standard","hentry","category-informeci","tag-cienciaaberta","tag-entrevista","tag-inteligenciaartificial"],"jetpack_publicize_connections":[],"jetpack_featured_media_url":"","views":"","jetpack_sharing_enabled":true,"_links":{"self":[{"href":"https:\/\/www.pedroandretta.info\/index\/wp-json\/wp\/v2\/posts\/30476","targetHints":{"allow":["GET"]}}],"collection":[{"href":"https:\/\/www.pedroandretta.info\/index\/wp-json\/wp\/v2\/posts"}],"about":[{"href":"https:\/\/www.pedroandretta.info\/index\/wp-json\/wp\/v2\/types\/post"}],"author":[{"embeddable":true,"href":"https:\/\/www.pedroandretta.info\/index\/wp-json\/wp\/v2\/users\/1"}],"replies":[{"embeddable":true,"href":"https:\/\/www.pedroandretta.info\/index\/wp-json\/wp\/v2\/comments?post=30476"}],"version-history":[{"count":0,"href":"https:\/\/www.pedroandretta.info\/index\/wp-json\/wp\/v2\/posts\/30476\/revisions"}],"wp:attachment":[{"href":"https:\/\/www.pedroandretta.info\/index\/wp-json\/wp\/v2\/media?parent=30476"}],"wp:term":[{"taxonomy":"category","embeddable":true,"href":"https:\/\/www.pedroandretta.info\/index\/wp-json\/wp\/v2\/categories?post=30476"},{"taxonomy":"post_tag","embeddable":true,"href":"https:\/\/www.pedroandretta.info\/index\/wp-json\/wp\/v2\/tags?post=30476"}],"curies":[{"name":"wp","href":"https:\/\/api.w.org\/{rel}","templated":true}]}}