{"id":30485,"date":"2025-04-28T11:57:28","date_gmt":"2025-04-28T15:57:28","guid":{"rendered":"https:\/\/www.pedroandretta.info\/index\/?p=30485"},"modified":"2025-04-28T11:57:33","modified_gmt":"2025-04-28T15:57:33","slug":"rede-de-coautoria-na-producao-cientifica-um-estudo-sobre-a-tematica-genero-em-periodicos-na-ciencia-da-informacao-ppgci-ufpb","status":"publish","type":"post","link":"https:\/\/www.pedroandretta.info\/index\/2025\/04\/rede-de-coautoria-na-producao-cientifica-um-estudo-sobre-a-tematica-genero-em-periodicos-na-ciencia-da-informacao-ppgci-ufpb\/","title":{"rendered":"Rede de coautoria na produ\u00e7\u00e3o cient\u00edfica : um estudo sobre a tem\u00e1tica g\u00eanero em peri\u00f3dicos na Ci\u00eancia da Informa\u00e7\u00e3o \/ PPGCI &#8211; UFPB"},"content":{"rendered":"\n<p><strong>Rede de coautoria na produ\u00e7\u00e3o cient\u00edfica : um estudo sobre a tem\u00e1tica g\u00eanero em peri\u00f3dicos na Ci\u00eancia da Informa\u00e7\u00e3o<\/strong><\/p>\n\n\n\n<p>Os peri\u00f3dicos Informa\u00e7\u00e3o &amp; Informa\u00e7\u00e3o e Em Quest\u00e3o apresentaram maior n\u00famero de produ\u00e7\u00f5es cient\u00edficas sobre g\u00eanero. As palavras-chave mais incidentes sobre o tema foram g\u00eanero e organiza\u00e7\u00e3o do conhecimento e os clusters se relacionam, em sua maioria, a g\u00eanero, ci\u00eancia da informa\u00e7\u00e3o, estudos de g\u00eanero e g\u00eanero feminino. (&#8230;). Atores centrais foram identificados como conectores-chave entre diferentes subgrupos e evidenciou-se a forma\u00e7\u00e3o de clusters, baixa densidade na rede e poucas liga\u00e7\u00f5es entre os atores. Apresenta Vital, L. P., Lima, I. F. e Viana, A. R. L. com centralidade de aproxima\u00e7\u00e3o e de intermedia\u00e7\u00e3o e grau de modularidade. J\u00e1 com rela\u00e7\u00e3o ao g\u00eanero da autoria, 68% s\u00e3o autoras e 32% s\u00e3o autores, formados, majoritariamente na \u00e1rea de CI e destacando o v\u00ednculo institucional na UNESP, USP, UNIRIO, UFSC e IBICT, entre outros, concentrando-se na regi\u00e3o Sudeste e Sul (&#8230;).<\/p>\n\n\n\n<p>#G\u00eanero #An\u00e1liseDeRedesSociais<\/p>\n\n\n\n<p>Dispon\u00edvel em: <a href=\"https:\/\/repositorio.ufpb.br\/jspui\/handle\/123456789\/34332\">https:\/\/repositorio.ufpb.br\/jspui\/handle\/123456789\/34332<\/a><\/p>\n\n\n\n<figure class=\"wp-block-image size-large\"><img data-recalc-dims=\"1\" decoding=\"async\" width=\"419\" height=\"600\" src=\"https:\/\/i0.wp.com\/www.pedroandretta.info\/index\/wp-content\/uploads\/2025\/04\/image-142.png?resize=419%2C600&#038;ssl=1\" alt=\"\" class=\"wp-image-30486\" srcset=\"https:\/\/i0.wp.com\/www.pedroandretta.info\/index\/wp-content\/uploads\/2025\/04\/image-142.png?resize=419%2C600&amp;ssl=1 419w, https:\/\/i0.wp.com\/www.pedroandretta.info\/index\/wp-content\/uploads\/2025\/04\/image-142.png?resize=209%2C300&amp;ssl=1 209w, https:\/\/i0.wp.com\/www.pedroandretta.info\/index\/wp-content\/uploads\/2025\/04\/image-142.png?w=513&amp;ssl=1 513w\" sizes=\"(max-width: 419px) 100vw, 419px\" \/><\/figure>\n","protected":false},"excerpt":{"rendered":"<p>Rede de coautoria na produ\u00e7\u00e3o cient\u00edfica : um estudo sobre a tem\u00e1tica g\u00eanero em peri\u00f3dicos na Ci\u00eancia da Informa\u00e7\u00e3o Os peri\u00f3dicos Informa\u00e7\u00e3o &amp; Informa\u00e7\u00e3o e Em Quest\u00e3o apresentaram maior n\u00famero de produ\u00e7\u00f5es cient\u00edficas sobre g\u00eanero. As palavras-chave mais incidentes sobre o tema foram g\u00eanero e organiza\u00e7\u00e3o do conhecimento e os clusters se relacionam, em sua<\/p><\/div>\n<div class=\"blog-btn\"><a href=\"https:\/\/www.pedroandretta.info\/index\/2025\/04\/rede-de-coautoria-na-producao-cientifica-um-estudo-sobre-a-tematica-genero-em-periodicos-na-ciencia-da-informacao-ppgci-ufpb\/\" class=\"home-blog-btn\">Ler mais<\/a><\/p>\n","protected":false},"author":1,"featured_media":0,"comment_status":"open","ping_status":"open","sticky":false,"template":"","format":"standard","meta":{"_jetpack_memberships_contains_paid_content":false,"footnotes":"","jetpack_publicize_message":"","jetpack_publicize_feature_enabled":true,"jetpack_social_post_already_shared":true,"jetpack_social_options":{"image_generator_settings":{"template":"highway","default_image_id":0,"font":"","enabled":false},"version":2}},"categories":[21],"tags":[2532,178],"class_list":["post-30485","post","type-post","status-publish","format-standard","hentry","category-informeci","tag-analisederedessociais","tag-genero"],"jetpack_publicize_connections":[],"jetpack_featured_media_url":"","views":"","jetpack_sharing_enabled":true,"_links":{"self":[{"href":"https:\/\/www.pedroandretta.info\/index\/wp-json\/wp\/v2\/posts\/30485","targetHints":{"allow":["GET"]}}],"collection":[{"href":"https:\/\/www.pedroandretta.info\/index\/wp-json\/wp\/v2\/posts"}],"about":[{"href":"https:\/\/www.pedroandretta.info\/index\/wp-json\/wp\/v2\/types\/post"}],"author":[{"embeddable":true,"href":"https:\/\/www.pedroandretta.info\/index\/wp-json\/wp\/v2\/users\/1"}],"replies":[{"embeddable":true,"href":"https:\/\/www.pedroandretta.info\/index\/wp-json\/wp\/v2\/comments?post=30485"}],"version-history":[{"count":0,"href":"https:\/\/www.pedroandretta.info\/index\/wp-json\/wp\/v2\/posts\/30485\/revisions"}],"wp:attachment":[{"href":"https:\/\/www.pedroandretta.info\/index\/wp-json\/wp\/v2\/media?parent=30485"}],"wp:term":[{"taxonomy":"category","embeddable":true,"href":"https:\/\/www.pedroandretta.info\/index\/wp-json\/wp\/v2\/categories?post=30485"},{"taxonomy":"post_tag","embeddable":true,"href":"https:\/\/www.pedroandretta.info\/index\/wp-json\/wp\/v2\/tags?post=30485"}],"curies":[{"name":"wp","href":"https:\/\/api.w.org\/{rel}","templated":true}]}}