{"id":30530,"date":"2025-05-01T12:39:50","date_gmt":"2025-05-01T16:39:50","guid":{"rendered":"https:\/\/www.pedroandretta.info\/index\/?p=30530"},"modified":"2025-05-01T12:39:54","modified_gmt":"2025-05-01T16:39:54","slug":"23-de-abril-dia-do-livro-e-dos-direitos-autorais-biblioteca-central-da-ufrgs","status":"publish","type":"post","link":"https:\/\/www.pedroandretta.info\/index\/2025\/05\/23-de-abril-dia-do-livro-e-dos-direitos-autorais-biblioteca-central-da-ufrgs\/","title":{"rendered":"23 de abril: Dia do Livro e dos Direitos Autorais \/ Biblioteca Central da UFRGS"},"content":{"rendered":"\n<p><strong>23 de abril: Dia do Livro e dos Direitos Autorais<\/strong><\/p>\n\n\n\n<p>Em 1995, a Confer\u00eancia Geral da UNESCO declarou o dia 23 de abril como o Dia Mundial do Livro e dos Direitos Autorais para prestar uma homenagem aos livros e aos autores de todo o mundo, al\u00e9m de um incentivo \u00e0 leitura!<\/p>\n\n\n\n<p>O dia 23 de abril \u00e9 a data em que v\u00e1rios autores proeminentes, como William Shakespeare e Miguel de Cervantes morreram. Assim, \u00e9 uma data simb\u00f3lica na literatura mundial.<\/p>\n\n\n\n<p>#DireitosAutorais<\/p>\n\n\n\n<p>via Biblioteca Central da UFRGS<\/p>\n\n\n\n<p>Dispon\u00edvel em: <a href=\"https:\/\/www.ufrgs.br\/bibliotecacentral\/23-de-abril-dia-do-livro-e-dos-direitos-autorais\/\">https:\/\/www.ufrgs.br\/bibliotecacentral\/23-de-abril-dia-do-livro-e-dos-direitos-autorais\/<\/a><\/p>\n","protected":false},"excerpt":{"rendered":"<p>23 de abril: Dia do Livro e dos Direitos Autorais Em 1995, a Confer\u00eancia Geral da UNESCO declarou o dia 23 de abril como o Dia Mundial do Livro e dos Direitos Autorais para prestar uma homenagem aos livros e aos autores de todo o mundo, al\u00e9m de um incentivo \u00e0 leitura! O dia 23<\/p><\/div>\n<div class=\"blog-btn\"><a href=\"https:\/\/www.pedroandretta.info\/index\/2025\/05\/23-de-abril-dia-do-livro-e-dos-direitos-autorais-biblioteca-central-da-ufrgs\/\" class=\"home-blog-btn\">Ler mais<\/a><\/p>\n","protected":false},"author":1,"featured_media":0,"comment_status":"open","ping_status":"open","sticky":false,"template":"","format":"standard","meta":{"_jetpack_memberships_contains_paid_content":false,"footnotes":"","jetpack_publicize_message":"","jetpack_publicize_feature_enabled":true,"jetpack_social_post_already_shared":true,"jetpack_social_options":{"image_generator_settings":{"template":"highway","default_image_id":0,"font":"","enabled":false},"version":2}},"categories":[21],"tags":[301],"class_list":["post-30530","post","type-post","status-publish","format-standard","hentry","category-informeci","tag-direitosautorais"],"jetpack_publicize_connections":[],"jetpack_featured_media_url":"","views":"","jetpack_sharing_enabled":true,"_links":{"self":[{"href":"https:\/\/www.pedroandretta.info\/index\/wp-json\/wp\/v2\/posts\/30530","targetHints":{"allow":["GET"]}}],"collection":[{"href":"https:\/\/www.pedroandretta.info\/index\/wp-json\/wp\/v2\/posts"}],"about":[{"href":"https:\/\/www.pedroandretta.info\/index\/wp-json\/wp\/v2\/types\/post"}],"author":[{"embeddable":true,"href":"https:\/\/www.pedroandretta.info\/index\/wp-json\/wp\/v2\/users\/1"}],"replies":[{"embeddable":true,"href":"https:\/\/www.pedroandretta.info\/index\/wp-json\/wp\/v2\/comments?post=30530"}],"version-history":[{"count":0,"href":"https:\/\/www.pedroandretta.info\/index\/wp-json\/wp\/v2\/posts\/30530\/revisions"}],"wp:attachment":[{"href":"https:\/\/www.pedroandretta.info\/index\/wp-json\/wp\/v2\/media?parent=30530"}],"wp:term":[{"taxonomy":"category","embeddable":true,"href":"https:\/\/www.pedroandretta.info\/index\/wp-json\/wp\/v2\/categories?post=30530"},{"taxonomy":"post_tag","embeddable":true,"href":"https:\/\/www.pedroandretta.info\/index\/wp-json\/wp\/v2\/tags?post=30530"}],"curies":[{"name":"wp","href":"https:\/\/api.w.org\/{rel}","templated":true}]}}